{"id":1328,"date":"2011-04-01T21:28:57","date_gmt":"2011-04-02T01:58:57","guid":{"rendered":"https:\/\/hablandodeti.com\/blog\/?p=1328"},"modified":"2011-04-01T21:28:57","modified_gmt":"2011-04-02T01:58:57","slug":"la-gran-oportunidad-de-taiwan-y-corea-%c2%bfpero-no-de-latinoamerica","status":"publish","type":"post","link":"https:\/\/hablandodeti.com\/blog\/2011\/04\/01\/la-gran-oportunidad-de-taiwan-y-corea-%c2%bfpero-no-de-latinoamerica\/","title":{"rendered":"La gran oportunidad de Taiwan y Corea. \u00bfPero no de Latinoam\u00e9rica?"},"content":{"rendered":"<p><a href=\"https:\/\/hablandodeti.com\/blog\/wp-content\/uploads\/2011\/04\/taiwan.jpg\"><img loading=\"lazy\" decoding=\"async\" src=\"https:\/\/hablandodeti.com\/blog\/wp-content\/uploads\/2011\/04\/taiwan.jpg\" align=\"right\" title=\"taiwan\" width=\"205\" height=\"245\" class=\"alignright size-full wp-image-1329\" \/><\/a>Estas dos naciones asi\u00e1ticas comparten en este momento una oportunidad basada en la desgracia de otra naci\u00f3n asi\u00e1tica: Jap\u00f3n.<\/p>\n<p>Taiwan, el otrora cuartel central de Inteligencia de las tecnolog\u00eda que se fabricaba en China, ha perdido gran parte de su relevancia, ante el avance desmesurado de China, que promete ponerse al frente del desarrollo cient\u00edfico mundial en un par de a\u00f1os, superando inclusive a los Estados Unidos. Corea por su lado, lleva a\u00f1os haciendo importantes inversiones en tecnolog\u00eda, en especial en Internet, que le han permitido convertir a dos marcas que eran vistas como \u201calternativas baratas\u201d en verdaderos l\u00edderes del dise\u00f1o y la tecnolog\u00eda, como es el caso de Samsung y LG.<\/p>\n<p>En este momento, m\u00e1s all\u00e1 de la devastaci\u00f3n que dejaron el terremoto y el tsunami en Jap\u00f3n, el capital mundial de inversi\u00f3n en tecnolog\u00eda saca sus ojos de Jap\u00f3n para el resto de Asia, y hasta las mismas compa\u00f1\u00edas japonesas empiezan a dise\u00f1ar e implementar planes que les permitan repartir sus activos m\u00e1s estrat\u00e9gicos: la fabricaci\u00f3n e investigaci\u00f3n.<\/p>\n<p>De hecho, Corea no ha dejado de crecer y podr\u00e1 con esta circunstancia afianzar m\u00e1s su liderazgo en Asia, mientras que Taiw\u00e1n ha reconocido abiertamente el haberse quedado atr\u00e1s, y ya esbozo un plan de inversiones para ayudar a generar nuevas formas de interactuar de las personas con los dispositivos electr\u00f3nicos, algo que esperen les ponga en la cima de la ola en unos pocos a\u00f1os.<\/p>\n<p>Por supuesto que otros pa\u00edses tambi\u00e9n podr\u00e1n sacar provecho de esta situaci\u00f3n, en especial los miembros del BRIC \u2013Brasil-Rusia-India-China\u2014pero llama la atenci\u00f3n que pa\u00edses latinoamericanos con gran potencial de desarrollo cient\u00edfico, c\u00f3mo Chile o M\u00e9xico no parezcan estar en los planes de las grandes empresas, al menos no con papeles tan predominante como los anteriormente nombrados.<\/p>\n<p>Sin embargo la oportunidad hay que aprovecharla de inmediato. De no sobrevenir una tragedia mayor en Jap\u00f3n, con lo que respecta al reactor de Fukushima, es muy probable que el pa\u00eds se levante tan r\u00e1pido como sea posible, y probablemente su moneda sufra una perdida de valor frente a otras que le permita hacerse m\u00e1s competitivo. Y no hay que olvidar que superada la impresi\u00f3n inicial, los bancos del mundo ver\u00e1n en Jap\u00f3n un acreedor digno de confianza, que recibir\u00e1 excelentes condiciones.<\/p>\n<p>Desde el punto de vista tecnol\u00f3gico, se avecinan tiempos interesantes. Esperemos poder contarles todo lo que ocurra desde aqu\u00ed en hablandodeti.<\/p>\n","protected":false},"excerpt":{"rendered":"<p>Estas dos naciones asi\u00e1ticas comparten en este momento una oportunidad basada en la desgracia de otra naci\u00f3n asi\u00e1tica: Jap\u00f3n. Taiwan, el otrora cuartel central de Inteligencia de las tecnolog\u00eda que se fabricaba en China, ha perdido gran parte de su relevancia, ante el avance desmesurado de China, que promete ponerse al frente del desarrollo cient\u00edfico [&hellip;]<\/p>\n","protected":false},"author":1,"featured_media":1329,"comment_status":"open","ping_status":"open","sticky":false,"template":"","format":"standard","meta":{"footnotes":""},"categories":[571],"tags":[1170,1172,650,1171,91,2728,179,163,7,743,1149],"class_list":["post-1328","post","type-post","status-publish","format-standard","has-post-thumbnail","hentry","category-industria","tag-acer","tag-benq","tag-corea","tag-foxconn","tag-japon","tag-lg","tag-samsung","tag-taiwan","tag-tecnologia","tag-terremoto","tag-tsunami"],"yoast_head":"<!-- This site is optimized with the Yoast SEO plugin v27.5 - https:\/\/yoast.com\/product\/yoast-seo-wordpress\/ -->\n<title>La gran oportunidad de Taiwan y Corea. \u00bfPero no de Latinoam\u00e9rica? - Hablando de TI<\/title>\n<meta name=\"robots\" content=\"index, follow, max-snippet:-1, max-image-preview:large, max-video-preview:-1\" \/>\n<link rel=\"canonical\" href=\"https:\/\/hablandodeti.com\/blog\/2011\/04\/01\/la-gran-oportunidad-de-taiwan-y-corea-\u00bfpero-no-de-latinoamerica\/\" \/>\n<meta property=\"og:locale\" content=\"es_ES\" \/>\n<meta property=\"og:type\" content=\"article\" \/>\n<meta property=\"og:title\" content=\"La gran oportunidad de Taiwan y Corea. \u00bfPero no de Latinoam\u00e9rica? - Hablando de TI\" \/>\n<meta property=\"og:description\" content=\"Estas dos naciones asi\u00e1ticas comparten en este momento una oportunidad basada en la desgracia de otra naci\u00f3n asi\u00e1tica: Jap\u00f3n. Taiwan, el otrora cuartel central de Inteligencia de las tecnolog\u00eda que se fabricaba en China, ha perdido gran parte de su relevancia, ante el avance desmesurado de China, que promete ponerse al frente del desarrollo cient\u00edfico [&hellip;]\" \/>\n<meta property=\"og:url\" content=\"https:\/\/hablandodeti.com\/blog\/2011\/04\/01\/la-gran-oportunidad-de-taiwan-y-corea-\u00bfpero-no-de-latinoamerica\/\" \/>\n<meta property=\"og:site_name\" content=\"Hablando de TI\" \/>\n<meta property=\"article:published_time\" content=\"2011-04-02T01:58:57+00:00\" \/>\n<meta property=\"og:image\" content=\"https:\/\/i0.wp.com\/hablandodeti.com\/blog\/wp-content\/uploads\/2011\/04\/taiwan.jpg?fit=205%2C245&ssl=1\" \/>\n\t<meta property=\"og:image:width\" content=\"205\" \/>\n\t<meta property=\"og:image:height\" content=\"245\" \/>\n\t<meta property=\"og:image:type\" content=\"image\/jpeg\" \/>\n<meta name=\"author\" content=\"Alcides Le\u00f3n\" \/>\n<meta name=\"twitter:card\" content=\"summary_large_image\" \/>\n<meta name=\"twitter:creator\" content=\"@https:\/\/www.twitter.com\/aleon1969\" \/>\n<meta name=\"twitter:site\" content=\"@aleon1969\" \/>\n<meta name=\"twitter:label1\" content=\"Escrito por\" \/>\n\t<meta name=\"twitter:data1\" content=\"Alcides Le\u00f3n\" \/>\n\t<meta name=\"twitter:label2\" content=\"Tiempo de lectura\" \/>\n\t<meta name=\"twitter:data2\" content=\"2 minutos\" \/>\n<script type=\"application\/ld+json\" class=\"yoast-schema-graph\">{\"@context\":\"https:\\\/\\\/schema.org\",\"@graph\":[{\"@type\":\"Article\",\"@id\":\"https:\\\/\\\/hablandodeti.com\\\/blog\\\/2011\\\/04\\\/01\\\/la-gran-oportunidad-de-taiwan-y-corea-%c2%bfpero-no-de-latinoamerica\\\/#article\",\"isPartOf\":{\"@id\":\"https:\\\/\\\/hablandodeti.com\\\/blog\\\/2011\\\/04\\\/01\\\/la-gran-oportunidad-de-taiwan-y-corea-%c2%bfpero-no-de-latinoamerica\\\/\"},\"author\":{\"name\":\"Alcides Le\u00f3n\",\"@id\":\"https:\\\/\\\/hablandodeti.com\\\/blog\\\/#\\\/schema\\\/person\\\/cb9eb914c41b9aa527560547ed3a81b2\"},\"headline\":\"La gran oportunidad de Taiwan y Corea. \u00bfPero no de Latinoam\u00e9rica?\",\"datePublished\":\"2011-04-02T01:58:57+00:00\",\"mainEntityOfPage\":{\"@id\":\"https:\\\/\\\/hablandodeti.com\\\/blog\\\/2011\\\/04\\\/01\\\/la-gran-oportunidad-de-taiwan-y-corea-%c2%bfpero-no-de-latinoamerica\\\/\"},\"wordCount\":454,\"commentCount\":0,\"publisher\":{\"@id\":\"https:\\\/\\\/hablandodeti.com\\\/blog\\\/#\\\/schema\\\/person\\\/cb9eb914c41b9aa527560547ed3a81b2\"},\"image\":{\"@id\":\"https:\\\/\\\/hablandodeti.com\\\/blog\\\/2011\\\/04\\\/01\\\/la-gran-oportunidad-de-taiwan-y-corea-%c2%bfpero-no-de-latinoamerica\\\/#primaryimage\"},\"thumbnailUrl\":\"https:\\\/\\\/hablandodeti.com\\\/blog\\\/wp-content\\\/uploads\\\/2011\\\/04\\\/taiwan.jpg\",\"keywords\":[\"Acer\",\"BenQ\",\"Corea\",\"Foxconn\",\"Jap\u00f3n\",\"LG\",\"Samsung\",\"Taiw\u00e1n\",\"tecnolog\u00eda\",\"terremoto\",\"Tsunami\"],\"articleSection\":[\"Industria\"],\"inLanguage\":\"es\",\"potentialAction\":[{\"@type\":\"CommentAction\",\"name\":\"Comment\",\"target\":[\"https:\\\/\\\/hablandodeti.com\\\/blog\\\/2011\\\/04\\\/01\\\/la-gran-oportunidad-de-taiwan-y-corea-%c2%bfpero-no-de-latinoamerica\\\/#respond\"]}]},{\"@type\":\"WebPage\",\"@id\":\"https:\\\/\\\/hablandodeti.com\\\/blog\\\/2011\\\/04\\\/01\\\/la-gran-oportunidad-de-taiwan-y-corea-%c2%bfpero-no-de-latinoamerica\\\/\",\"url\":\"https:\\\/\\\/hablandodeti.com\\\/blog\\\/2011\\\/04\\\/01\\\/la-gran-oportunidad-de-taiwan-y-corea-%c2%bfpero-no-de-latinoamerica\\\/\",\"name\":\"La gran oportunidad de Taiwan y Corea. \u00bfPero no de Latinoam\u00e9rica? - Hablando de TI\",\"isPartOf\":{\"@id\":\"https:\\\/\\\/hablandodeti.com\\\/blog\\\/#website\"},\"primaryImageOfPage\":{\"@id\":\"https:\\\/\\\/hablandodeti.com\\\/blog\\\/2011\\\/04\\\/01\\\/la-gran-oportunidad-de-taiwan-y-corea-%c2%bfpero-no-de-latinoamerica\\\/#primaryimage\"},\"image\":{\"@id\":\"https:\\\/\\\/hablandodeti.com\\\/blog\\\/2011\\\/04\\\/01\\\/la-gran-oportunidad-de-taiwan-y-corea-%c2%bfpero-no-de-latinoamerica\\\/#primaryimage\"},\"thumbnailUrl\":\"https:\\\/\\\/hablandodeti.com\\\/blog\\\/wp-content\\\/uploads\\\/2011\\\/04\\\/taiwan.jpg\",\"datePublished\":\"2011-04-02T01:58:57+00:00\",\"breadcrumb\":{\"@id\":\"https:\\\/\\\/hablandodeti.com\\\/blog\\\/2011\\\/04\\\/01\\\/la-gran-oportunidad-de-taiwan-y-corea-%c2%bfpero-no-de-latinoamerica\\\/#breadcrumb\"},\"inLanguage\":\"es\",\"potentialAction\":[{\"@type\":\"ReadAction\",\"target\":[\"https:\\\/\\\/hablandodeti.com\\\/blog\\\/2011\\\/04\\\/01\\\/la-gran-oportunidad-de-taiwan-y-corea-%c2%bfpero-no-de-latinoamerica\\\/\"]}]},{\"@type\":\"ImageObject\",\"inLanguage\":\"es\",\"@id\":\"https:\\\/\\\/hablandodeti.com\\\/blog\\\/2011\\\/04\\\/01\\\/la-gran-oportunidad-de-taiwan-y-corea-%c2%bfpero-no-de-latinoamerica\\\/#primaryimage\",\"url\":\"https:\\\/\\\/hablandodeti.com\\\/blog\\\/wp-content\\\/uploads\\\/2011\\\/04\\\/taiwan.jpg\",\"contentUrl\":\"https:\\\/\\\/hablandodeti.com\\\/blog\\\/wp-content\\\/uploads\\\/2011\\\/04\\\/taiwan.jpg\",\"width\":\"205\",\"height\":\"245\"},{\"@type\":\"BreadcrumbList\",\"@id\":\"https:\\\/\\\/hablandodeti.com\\\/blog\\\/2011\\\/04\\\/01\\\/la-gran-oportunidad-de-taiwan-y-corea-%c2%bfpero-no-de-latinoamerica\\\/#breadcrumb\",\"itemListElement\":[{\"@type\":\"ListItem\",\"position\":1,\"name\":\"Portada\",\"item\":\"https:\\\/\\\/hablandodeti.com\\\/blog\\\/\"},{\"@type\":\"ListItem\",\"position\":2,\"name\":\"La gran oportunidad de Taiwan y Corea. \u00bfPero no de Latinoam\u00e9rica?\"}]},{\"@type\":\"WebSite\",\"@id\":\"https:\\\/\\\/hablandodeti.com\\\/blog\\\/#website\",\"url\":\"https:\\\/\\\/hablandodeti.com\\\/blog\\\/\",\"name\":\"Hablando de TI\",\"description\":\"Apuntes de Vida y Tecnolog\u00eda\",\"publisher\":{\"@id\":\"https:\\\/\\\/hablandodeti.com\\\/blog\\\/#\\\/schema\\\/person\\\/cb9eb914c41b9aa527560547ed3a81b2\"},\"potentialAction\":[{\"@type\":\"SearchAction\",\"target\":{\"@type\":\"EntryPoint\",\"urlTemplate\":\"https:\\\/\\\/hablandodeti.com\\\/blog\\\/?s={search_term_string}\"},\"query-input\":{\"@type\":\"PropertyValueSpecification\",\"valueRequired\":true,\"valueName\":\"search_term_string\"}}],\"inLanguage\":\"es\"},{\"@type\":[\"Person\",\"Organization\"],\"@id\":\"https:\\\/\\\/hablandodeti.com\\\/blog\\\/#\\\/schema\\\/person\\\/cb9eb914c41b9aa527560547ed3a81b2\",\"name\":\"Alcides Le\u00f3n\",\"image\":{\"@type\":\"ImageObject\",\"inLanguage\":\"es\",\"@id\":\"https:\\\/\\\/i0.wp.com\\\/hablandodeti.com\\\/blog\\\/wp-content\\\/uploads\\\/2023\\\/01\\\/bannerhdti-long.png?fit=969%2C124&ssl=1\",\"url\":\"https:\\\/\\\/i0.wp.com\\\/hablandodeti.com\\\/blog\\\/wp-content\\\/uploads\\\/2023\\\/01\\\/bannerhdti-long.png?fit=969%2C124&ssl=1\",\"contentUrl\":\"https:\\\/\\\/i0.wp.com\\\/hablandodeti.com\\\/blog\\\/wp-content\\\/uploads\\\/2023\\\/01\\\/bannerhdti-long.png?fit=969%2C124&ssl=1\",\"width\":969,\"height\":124,\"caption\":\"Alcides Le\u00f3n\"},\"logo\":{\"@id\":\"https:\\\/\\\/i0.wp.com\\\/hablandodeti.com\\\/blog\\\/wp-content\\\/uploads\\\/2023\\\/01\\\/bannerhdti-long.png?fit=969%2C124&ssl=1\"},\"description\":\"Ingeniero en Computaci\u00f3n, Comunicador especializado en tecnolog\u00eda, Blogger, Asesor en SocialMedia, Venezolano y Latinaom\u00e9ricano\",\"sameAs\":[\"https:\\\/\\\/www.instagram.com\\\/aleon1969\",\"https:\\\/\\\/x.com\\\/https:\\\/\\\/www.twitter.com\\\/aleon1969\"],\"url\":\"https:\\\/\\\/hablandodeti.com\\\/blog\\\/author\\\/admin\\\/\"}]}<\/script>\n<!-- \/ Yoast SEO plugin. -->","yoast_head_json":{"title":"La gran oportunidad de Taiwan y Corea. \u00bfPero no de Latinoam\u00e9rica? - Hablando de TI","robots":{"index":"index","follow":"follow","max-snippet":"max-snippet:-1","max-image-preview":"max-image-preview:large","max-video-preview":"max-video-preview:-1"},"canonical":"https:\/\/hablandodeti.com\/blog\/2011\/04\/01\/la-gran-oportunidad-de-taiwan-y-corea-\u00bfpero-no-de-latinoamerica\/","og_locale":"es_ES","og_type":"article","og_title":"La gran oportunidad de Taiwan y Corea. \u00bfPero no de Latinoam\u00e9rica? - Hablando de TI","og_description":"Estas dos naciones asi\u00e1ticas comparten en este momento una oportunidad basada en la desgracia de otra naci\u00f3n asi\u00e1tica: Jap\u00f3n. Taiwan, el otrora cuartel central de Inteligencia de las tecnolog\u00eda que se fabricaba en China, ha perdido gran parte de su relevancia, ante el avance desmesurado de China, que promete ponerse al frente del desarrollo cient\u00edfico [&hellip;]","og_url":"https:\/\/hablandodeti.com\/blog\/2011\/04\/01\/la-gran-oportunidad-de-taiwan-y-corea-\u00bfpero-no-de-latinoamerica\/","og_site_name":"Hablando de TI","article_published_time":"2011-04-02T01:58:57+00:00","og_image":[{"width":205,"height":245,"url":"https:\/\/i0.wp.com\/hablandodeti.com\/blog\/wp-content\/uploads\/2011\/04\/taiwan.jpg?fit=205%2C245&ssl=1","type":"image\/jpeg"}],"author":"Alcides Le\u00f3n","twitter_card":"summary_large_image","twitter_creator":"@https:\/\/www.twitter.com\/aleon1969","twitter_site":"@aleon1969","twitter_misc":{"Escrito por":"Alcides Le\u00f3n","Tiempo de lectura":"2 minutos"},"schema":{"@context":"https:\/\/schema.org","@graph":[{"@type":"Article","@id":"https:\/\/hablandodeti.com\/blog\/2011\/04\/01\/la-gran-oportunidad-de-taiwan-y-corea-%c2%bfpero-no-de-latinoamerica\/#article","isPartOf":{"@id":"https:\/\/hablandodeti.com\/blog\/2011\/04\/01\/la-gran-oportunidad-de-taiwan-y-corea-%c2%bfpero-no-de-latinoamerica\/"},"author":{"name":"Alcides Le\u00f3n","@id":"https:\/\/hablandodeti.com\/blog\/#\/schema\/person\/cb9eb914c41b9aa527560547ed3a81b2"},"headline":"La gran oportunidad de Taiwan y Corea. \u00bfPero no de Latinoam\u00e9rica?","datePublished":"2011-04-02T01:58:57+00:00","mainEntityOfPage":{"@id":"https:\/\/hablandodeti.com\/blog\/2011\/04\/01\/la-gran-oportunidad-de-taiwan-y-corea-%c2%bfpero-no-de-latinoamerica\/"},"wordCount":454,"commentCount":0,"publisher":{"@id":"https:\/\/hablandodeti.com\/blog\/#\/schema\/person\/cb9eb914c41b9aa527560547ed3a81b2"},"image":{"@id":"https:\/\/hablandodeti.com\/blog\/2011\/04\/01\/la-gran-oportunidad-de-taiwan-y-corea-%c2%bfpero-no-de-latinoamerica\/#primaryimage"},"thumbnailUrl":"https:\/\/hablandodeti.com\/blog\/wp-content\/uploads\/2011\/04\/taiwan.jpg","keywords":["Acer","BenQ","Corea","Foxconn","Jap\u00f3n","LG","Samsung","Taiw\u00e1n","tecnolog\u00eda","terremoto","Tsunami"],"articleSection":["Industria"],"inLanguage":"es","potentialAction":[{"@type":"CommentAction","name":"Comment","target":["https:\/\/hablandodeti.com\/blog\/2011\/04\/01\/la-gran-oportunidad-de-taiwan-y-corea-%c2%bfpero-no-de-latinoamerica\/#respond"]}]},{"@type":"WebPage","@id":"https:\/\/hablandodeti.com\/blog\/2011\/04\/01\/la-gran-oportunidad-de-taiwan-y-corea-%c2%bfpero-no-de-latinoamerica\/","url":"https:\/\/hablandodeti.com\/blog\/2011\/04\/01\/la-gran-oportunidad-de-taiwan-y-corea-%c2%bfpero-no-de-latinoamerica\/","name":"La gran oportunidad de Taiwan y Corea. \u00bfPero no de Latinoam\u00e9rica? - Hablando de TI","isPartOf":{"@id":"https:\/\/hablandodeti.com\/blog\/#website"},"primaryImageOfPage":{"@id":"https:\/\/hablandodeti.com\/blog\/2011\/04\/01\/la-gran-oportunidad-de-taiwan-y-corea-%c2%bfpero-no-de-latinoamerica\/#primaryimage"},"image":{"@id":"https:\/\/hablandodeti.com\/blog\/2011\/04\/01\/la-gran-oportunidad-de-taiwan-y-corea-%c2%bfpero-no-de-latinoamerica\/#primaryimage"},"thumbnailUrl":"https:\/\/hablandodeti.com\/blog\/wp-content\/uploads\/2011\/04\/taiwan.jpg","datePublished":"2011-04-02T01:58:57+00:00","breadcrumb":{"@id":"https:\/\/hablandodeti.com\/blog\/2011\/04\/01\/la-gran-oportunidad-de-taiwan-y-corea-%c2%bfpero-no-de-latinoamerica\/#breadcrumb"},"inLanguage":"es","potentialAction":[{"@type":"ReadAction","target":["https:\/\/hablandodeti.com\/blog\/2011\/04\/01\/la-gran-oportunidad-de-taiwan-y-corea-%c2%bfpero-no-de-latinoamerica\/"]}]},{"@type":"ImageObject","inLanguage":"es","@id":"https:\/\/hablandodeti.com\/blog\/2011\/04\/01\/la-gran-oportunidad-de-taiwan-y-corea-%c2%bfpero-no-de-latinoamerica\/#primaryimage","url":"https:\/\/hablandodeti.com\/blog\/wp-content\/uploads\/2011\/04\/taiwan.jpg","contentUrl":"https:\/\/hablandodeti.com\/blog\/wp-content\/uploads\/2011\/04\/taiwan.jpg","width":"205","height":"245"},{"@type":"BreadcrumbList","@id":"https:\/\/hablandodeti.com\/blog\/2011\/04\/01\/la-gran-oportunidad-de-taiwan-y-corea-%c2%bfpero-no-de-latinoamerica\/#breadcrumb","itemListElement":[{"@type":"ListItem","position":1,"name":"Portada","item":"https:\/\/hablandodeti.com\/blog\/"},{"@type":"ListItem","position":2,"name":"La gran oportunidad de Taiwan y Corea. \u00bfPero no de Latinoam\u00e9rica?"}]},{"@type":"WebSite","@id":"https:\/\/hablandodeti.com\/blog\/#website","url":"https:\/\/hablandodeti.com\/blog\/","name":"Hablando de TI","description":"Apuntes de Vida y Tecnolog\u00eda","publisher":{"@id":"https:\/\/hablandodeti.com\/blog\/#\/schema\/person\/cb9eb914c41b9aa527560547ed3a81b2"},"potentialAction":[{"@type":"SearchAction","target":{"@type":"EntryPoint","urlTemplate":"https:\/\/hablandodeti.com\/blog\/?s={search_term_string}"},"query-input":{"@type":"PropertyValueSpecification","valueRequired":true,"valueName":"search_term_string"}}],"inLanguage":"es"},{"@type":["Person","Organization"],"@id":"https:\/\/hablandodeti.com\/blog\/#\/schema\/person\/cb9eb914c41b9aa527560547ed3a81b2","name":"Alcides Le\u00f3n","image":{"@type":"ImageObject","inLanguage":"es","@id":"https:\/\/i0.wp.com\/hablandodeti.com\/blog\/wp-content\/uploads\/2023\/01\/bannerhdti-long.png?fit=969%2C124&ssl=1","url":"https:\/\/i0.wp.com\/hablandodeti.com\/blog\/wp-content\/uploads\/2023\/01\/bannerhdti-long.png?fit=969%2C124&ssl=1","contentUrl":"https:\/\/i0.wp.com\/hablandodeti.com\/blog\/wp-content\/uploads\/2023\/01\/bannerhdti-long.png?fit=969%2C124&ssl=1","width":969,"height":124,"caption":"Alcides Le\u00f3n"},"logo":{"@id":"https:\/\/i0.wp.com\/hablandodeti.com\/blog\/wp-content\/uploads\/2023\/01\/bannerhdti-long.png?fit=969%2C124&ssl=1"},"description":"Ingeniero en Computaci\u00f3n, Comunicador especializado en tecnolog\u00eda, Blogger, Asesor en SocialMedia, Venezolano y Latinaom\u00e9ricano","sameAs":["https:\/\/www.instagram.com\/aleon1969","https:\/\/x.com\/https:\/\/www.twitter.com\/aleon1969"],"url":"https:\/\/hablandodeti.com\/blog\/author\/admin\/"}]}},"_links":{"self":[{"href":"https:\/\/hablandodeti.com\/blog\/wp-json\/wp\/v2\/posts\/1328","targetHints":{"allow":["GET"]}}],"collection":[{"href":"https:\/\/hablandodeti.com\/blog\/wp-json\/wp\/v2\/posts"}],"about":[{"href":"https:\/\/hablandodeti.com\/blog\/wp-json\/wp\/v2\/types\/post"}],"author":[{"embeddable":true,"href":"https:\/\/hablandodeti.com\/blog\/wp-json\/wp\/v2\/users\/1"}],"replies":[{"embeddable":true,"href":"https:\/\/hablandodeti.com\/blog\/wp-json\/wp\/v2\/comments?post=1328"}],"version-history":[{"count":0,"href":"https:\/\/hablandodeti.com\/blog\/wp-json\/wp\/v2\/posts\/1328\/revisions"}],"wp:featuredmedia":[{"embeddable":true,"href":"https:\/\/hablandodeti.com\/blog\/wp-json\/wp\/v2\/media\/1329"}],"wp:attachment":[{"href":"https:\/\/hablandodeti.com\/blog\/wp-json\/wp\/v2\/media?parent=1328"}],"wp:term":[{"taxonomy":"category","embeddable":true,"href":"https:\/\/hablandodeti.com\/blog\/wp-json\/wp\/v2\/categories?post=1328"},{"taxonomy":"post_tag","embeddable":true,"href":"https:\/\/hablandodeti.com\/blog\/wp-json\/wp\/v2\/tags?post=1328"}],"curies":[{"name":"wp","href":"https:\/\/api.w.org\/{rel}","templated":true}]}}