{"id":1474,"date":"2011-08-16T22:11:26","date_gmt":"2011-08-17T02:41:26","guid":{"rendered":"https:\/\/hablandodeti.com\/blog\/?p=1474"},"modified":"2011-08-16T23:54:24","modified_gmt":"2011-08-17T04:24:24","slug":"no-no-es-para-geeks-la-tablet-pc-pierre-cardin","status":"publish","type":"post","link":"https:\/\/hablandodeti.com\/blog\/2011\/08\/16\/no-no-es-para-geeks-la-tablet-pc-pierre-cardin\/","title":{"rendered":"No. No es para geeks la Tablet PC Pierre Cardin"},"content":{"rendered":"<blockquote><p>El colega y amigo Manuel Mandujano nos manda otra nota escrita en su propio teclado. Disfr\u00fatenla.<\/p><\/blockquote>\n<p><strong><\/strong><strong>\u00bfEs suficiente el nombre y la audacia para entrar al mercado de tabletas cuando la demanda  y otras marcas se repliegan?<\/strong><\/p>\n<p><a href=\"https:\/\/hablandodeti.com\/blog\/wp-content\/uploads\/2011\/08\/pierrecardin.jpg\"><img loading=\"lazy\" decoding=\"async\" src=\"https:\/\/hablandodeti.com\/blog\/wp-content\/uploads\/2011\/08\/pierrecardin.jpg\" align=\"right\" title=\"pierrecardin\" width=\"259\" height=\"194\" class=\"alignleft size-full wp-image-1475\" srcset=\"https:\/\/hablandodeti.com\/blog\/wp-content\/uploads\/2011\/08\/pierrecardin.jpg 259w, https:\/\/hablandodeti.com\/blog\/wp-content\/uploads\/2011\/08\/pierrecardin-45x35.jpg 45w\" sizes=\"auto, (max-width: 259px) 100vw, 259px\" \/><\/a>El dise\u00f1ador Pierre Cardin lanz\u00f3 su Tablet PC el 8 de agosto de 2011 en Reino Unido: \u201cStay connected in style with the UK\u2019s designer tablet\u201d se le\u00eda en <a href=\"http:\/\/www.pierrecardintabletpc.co.uk\/\">la p\u00e1gina web<\/a>\u201d.<\/p>\n<p>De las caracter\u00edsticas de ese dispositivo se ha criticado que traiga el sistema operativo Android 2.2 (Froyo) cuando est\u00e1n disponibles versiones m\u00e1s actuales, y que la memoria interna, aunque expandible, sea de 4 gigas cuando la de Samsung sea de 16.<\/p>\n<p>A todas luces, por esas y otras cualidades (ver abajo), no es una tableta para los aficionados a la tecnolog\u00eda, a los geeks, sino para los seguidores de esa marca, algo notorio en el empaque de lujo. Resalta en consecuencia su conveniencia y portabilidad: \u201cThe Pierre Cardin Tablet PC is perfectly sized to fit in the palm of your hand yet practical enough for life on the go\u201d. <\/p>\n<p><strong>Audacia, el nombre<\/strong><\/p>\n<p>Pierre Cardin es, si se recuerda, un dise\u00f1ador de modas que naci\u00f3 en Italia en 1922, formado en los talleres de Christian Dior, que abri\u00f3 su propia casa de alta costura en 1950 en Par\u00eds.<\/p>\n<p>El \u201checho fundacional\u201d de la creaci\u00f3n de su propia casa fue que no lo contrat\u00f3 Crist\u00f3bal Balenciaga Eizaguirre (1895-1972), el dise\u00f1ador de moda espa\u00f1ol considerado el creador de la alta costura. Sienti\u00e9ndose fuerte, cre\u00f3 un estilo vanguardista y dise\u00f1\u00f3 la moda unisex y la \u00abEra Espacial\u00bb que le hicieran famoso.<\/p>\n<p>Incursiona en otros mercados en cuyos productos deja la huella de su marca.<\/p>\n<p>Es relevante el suceso de que Cardin dise\u00f1ara el interior de los autom\u00f3viles AMC Jaballins, que estuvieron disponibles en 1972 y 1973, con su toque audaz y extravagante.<\/p>\n<p>Precisamente, audacia y extravagancia son t\u00e9rminos que definen a ese innovador de la alta costura, mismo que lo llevaron a lanzar la tablet que lleva su nombre y su marca.<\/p>\n<p>\u201c\u00a1Qu\u00e9 bonito! \u00a1Esto es adaptarse al cambio!\u201d, nos coment\u00f3 una colega mercad\u00f3loga, especializada en negocios digitales. Tiene raz\u00f3n. Se trata de un buen golpe publicitario en l\u00ednea con la moda; con la moda Cardin y con la moda tablet.<\/p>\n<p>La moda \u201cabarca todos los temas; materias primas, procesos de producci\u00f3n, costos de fabricaci\u00f3n, estabilidad cultura (\u2026) y jerarqu\u00eda social\u201d, explic\u00f3 el historiador franc\u00e9s Fernand Braudel (\u201cEl h\u00e1bitat, el vestido y la moda\u201d, Civilizaci\u00f3n material, econom\u00eda y capitalismo. Siglos XV-XVIII. Tomo I. Las estructura de lo cotidiano, p\u00e1g. 265).<\/p>\n<p>\u201cModa es seguir la actualidad\u201d, tambi\u00e9n defini\u00f3; y, por si hiciera falta, \u201cla moda es conscientemente utilizada por el mundo mercantil\u201d para que siga en movimiento gran parte del comercio.<\/p>\n<p><strong>Cuestionamientos<\/strong> <\/p>\n<p>Pero, \u00bfser\u00e1 suficiente el nombre del dise\u00f1ador en la tablet? \u201cNo, no creo que se venda como pan caliente&#8230;\u201d, tuite\u00f3 Carolina Eslava  @carolinaeslava, una \u201cpasionada de la comunicaci\u00f3n\u201d, seg\u00fan se lee en su perfil. \u201cSi fuera Chanel o Vuitton&#8230;\u201d (<a href=\"http:\/\/bit.ly\/pQjErl\">http:\/\/bit.ly\/pQjErl<\/a> y <a href=\"http:\/\/bit.ly\/qMad8G\">http:\/\/bit.ly\/qMad8G<\/a>).<\/p>\n<p>Lo que hace ella es un cuestionamiento a la marca que puede afectar la demanda; y otro m\u00e1s puede hacerse en lo referente al mercado.<\/p>\n<p>Lo hecho por Pierre Cardin es un lanzamiento de nicho en un segmento de la industria de tecnolog\u00eda de informaci\u00f3n y comunicaci\u00f3n, el de las tablets, dominado por las iPad de Apple, con 53.6% de market share, el mayor del mundo en la materia (dato al primer trimestre de 2011).<\/p>\n<p>Un mercado tambi\u00e9n en el que se repliegan otras marcas. En el primer trimestre de 2011, los embarques de tablets fueron de -5.2% en comparaci\u00f3n con los del cuarto trimestre de 2010.<\/p>\n<p>Sin embargo, no todo est\u00e1 definido. Display Search pronostic\u00f3 el 13 de abril de 2011 que los env\u00edos de las tabletas llegar\u00eda a 52.4 millones de unidades en 2011 (150% m\u00e1s que los 34.9 millones de un a\u00f1o antes), aunque habr\u00eda que esperar una actualizaci\u00f3n de ese pron\u00f3stico. Bajo, s\u00ed; pero en aumento. Estaremos pendientes.<br \/>\n<strong><br \/>\nOtras caracter\u00edsticas<\/strong><\/p>\n<p>La Tablet PC  Pierre Cardin tiene pantalla t\u00e1ctil de 7 pulgadas (pero en el sitio web alibaba.com <a href=\"http:\/\/bit.ly\/qgpfCn\" target=\"_blank\">se vende una de 8.9 pulgadas<\/a> para entregar en todo el mundo y resoluci\u00f3n de 800 por 480 p\u00edxeles. Trae conectividad Wi-Fi (la capacidad 3G es opcional), c\u00e1mara de 1.4 megapixeles y procesador Samsung S5PV210 Cortex-A8. Su precio es de 275 libras (316 euros).<\/p>\n<p>La tableta fue fabricada por Shenzhen Bongch Technology Co., Ltd., \u201cuna gran empresa especializada en investigaci\u00f3n y desarrollo, y en la producci\u00f3n y ventas de varios tipos de productos automotores (sic) de alta tecnolog\u00eda\u201d. Su f\u00e1brica de 1,500 empleados est\u00e1 en el distrito Bao&#8217;an, Guanlan Town, en Shenzhen, China.<\/p>\n<p><img loading=\"lazy\" decoding=\"async\" alt=\"Manuel Mandujano\" src=\"https:\/\/si0.twimg.com\/profile_images\/1386265220\/ManuelParaTWotraOK.jpg\" class=\"alignnone\"align=\"left\" width=\"125\" height=\"135\" \/>\u00a9Manuel Mandujano. El autor es analista de la industria del marketing interactivo y periodista iniciado en la \u201cEra Post-PC\u201d. Se le puede seguir en Twitter: <a href=\"http:\/\/twitter.com\/MMandujano\" target=\"_blank\">@MMandujano<\/a>.<\/p>\n","protected":false},"excerpt":{"rendered":"<p>El colega y amigo Manuel Mandujano nos manda otra nota escrita en su propio teclado. Disfr\u00fatenla. \u00bfEs suficiente el nombre y la audacia para entrar al mercado de tabletas cuando la demanda y otras marcas se repliegan? El dise\u00f1ador Pierre Cardin lanz\u00f3 su Tablet PC el 8 de agosto de 2011 en Reino Unido: \u201cStay [&hellip;]<\/p>\n","protected":false},"author":1,"featured_media":1475,"comment_status":"open","ping_status":"open","sticky":false,"template":"","format":"standard","meta":{"footnotes":""},"categories":[867,41],"tags":[2726,1282,911,751,1281,2729],"class_list":["post-1474","post","type-post","status-publish","format-standard","has-post-thumbnail","hentry","category-tablet-pc","category-tendencias","tag-android","tag-desing","tag-galaxy-tab","tag-ipad","tag-pierre-cardin","tag-tablet-pc"],"yoast_head":"<!-- This site is optimized with the Yoast SEO plugin v27.5 - https:\/\/yoast.com\/product\/yoast-seo-wordpress\/ -->\n<title>No. No es para geeks la Tablet PC Pierre Cardin - Hablando de TI<\/title>\n<meta name=\"robots\" content=\"index, follow, max-snippet:-1, max-image-preview:large, max-video-preview:-1\" \/>\n<link rel=\"canonical\" href=\"https:\/\/hablandodeti.com\/blog\/2011\/08\/16\/no-no-es-para-geeks-la-tablet-pc-pierre-cardin\/\" \/>\n<meta property=\"og:locale\" content=\"es_ES\" \/>\n<meta property=\"og:type\" content=\"article\" \/>\n<meta property=\"og:title\" content=\"No. No es para geeks la Tablet PC Pierre Cardin - Hablando de TI\" \/>\n<meta property=\"og:description\" content=\"El colega y amigo Manuel Mandujano nos manda otra nota escrita en su propio teclado. Disfr\u00fatenla. \u00bfEs suficiente el nombre y la audacia para entrar al mercado de tabletas cuando la demanda y otras marcas se repliegan? El dise\u00f1ador Pierre Cardin lanz\u00f3 su Tablet PC el 8 de agosto de 2011 en Reino Unido: \u201cStay [&hellip;]\" \/>\n<meta property=\"og:url\" content=\"https:\/\/hablandodeti.com\/blog\/2011\/08\/16\/no-no-es-para-geeks-la-tablet-pc-pierre-cardin\/\" \/>\n<meta property=\"og:site_name\" content=\"Hablando de TI\" \/>\n<meta property=\"article:published_time\" content=\"2011-08-17T02:41:26+00:00\" \/>\n<meta property=\"article:modified_time\" content=\"2011-08-17T04:24:24+00:00\" \/>\n<meta property=\"og:image\" content=\"https:\/\/i0.wp.com\/hablandodeti.com\/blog\/wp-content\/uploads\/2011\/08\/pierrecardin.jpg?fit=259%2C194&ssl=1\" \/>\n\t<meta property=\"og:image:width\" content=\"259\" \/>\n\t<meta property=\"og:image:height\" content=\"194\" \/>\n\t<meta property=\"og:image:type\" content=\"image\/jpeg\" \/>\n<meta name=\"author\" content=\"Alcides Le\u00f3n\" \/>\n<meta name=\"twitter:card\" content=\"summary_large_image\" \/>\n<meta name=\"twitter:creator\" content=\"@https:\/\/www.twitter.com\/aleon1969\" \/>\n<meta name=\"twitter:site\" content=\"@aleon1969\" \/>\n<meta name=\"twitter:label1\" content=\"Escrito por\" \/>\n\t<meta name=\"twitter:data1\" content=\"Alcides Le\u00f3n\" \/>\n\t<meta name=\"twitter:label2\" content=\"Tiempo de lectura\" \/>\n\t<meta name=\"twitter:data2\" content=\"4 minutos\" \/>\n<script type=\"application\/ld+json\" class=\"yoast-schema-graph\">{\"@context\":\"https:\\\/\\\/schema.org\",\"@graph\":[{\"@type\":\"Article\",\"@id\":\"https:\\\/\\\/hablandodeti.com\\\/blog\\\/2011\\\/08\\\/16\\\/no-no-es-para-geeks-la-tablet-pc-pierre-cardin\\\/#article\",\"isPartOf\":{\"@id\":\"https:\\\/\\\/hablandodeti.com\\\/blog\\\/2011\\\/08\\\/16\\\/no-no-es-para-geeks-la-tablet-pc-pierre-cardin\\\/\"},\"author\":{\"name\":\"Alcides Le\u00f3n\",\"@id\":\"https:\\\/\\\/hablandodeti.com\\\/blog\\\/#\\\/schema\\\/person\\\/cb9eb914c41b9aa527560547ed3a81b2\"},\"headline\":\"No. No es para geeks la Tablet PC Pierre Cardin\",\"datePublished\":\"2011-08-17T02:41:26+00:00\",\"dateModified\":\"2011-08-17T04:24:24+00:00\",\"mainEntityOfPage\":{\"@id\":\"https:\\\/\\\/hablandodeti.com\\\/blog\\\/2011\\\/08\\\/16\\\/no-no-es-para-geeks-la-tablet-pc-pierre-cardin\\\/\"},\"wordCount\":845,\"commentCount\":0,\"publisher\":{\"@id\":\"https:\\\/\\\/hablandodeti.com\\\/blog\\\/#\\\/schema\\\/person\\\/cb9eb914c41b9aa527560547ed3a81b2\"},\"image\":{\"@id\":\"https:\\\/\\\/hablandodeti.com\\\/blog\\\/2011\\\/08\\\/16\\\/no-no-es-para-geeks-la-tablet-pc-pierre-cardin\\\/#primaryimage\"},\"thumbnailUrl\":\"https:\\\/\\\/hablandodeti.com\\\/blog\\\/wp-content\\\/uploads\\\/2011\\\/08\\\/pierrecardin.jpg\",\"keywords\":[\"Android\",\"desing\",\"Galaxy tab\",\"iPad\",\"Pierre Cardin\",\"Tabletas\"],\"articleSection\":[\"Tabletas\",\"Tendencias\"],\"inLanguage\":\"es\",\"potentialAction\":[{\"@type\":\"CommentAction\",\"name\":\"Comment\",\"target\":[\"https:\\\/\\\/hablandodeti.com\\\/blog\\\/2011\\\/08\\\/16\\\/no-no-es-para-geeks-la-tablet-pc-pierre-cardin\\\/#respond\"]}]},{\"@type\":\"WebPage\",\"@id\":\"https:\\\/\\\/hablandodeti.com\\\/blog\\\/2011\\\/08\\\/16\\\/no-no-es-para-geeks-la-tablet-pc-pierre-cardin\\\/\",\"url\":\"https:\\\/\\\/hablandodeti.com\\\/blog\\\/2011\\\/08\\\/16\\\/no-no-es-para-geeks-la-tablet-pc-pierre-cardin\\\/\",\"name\":\"No. No es para geeks la Tablet PC Pierre Cardin - Hablando de TI\",\"isPartOf\":{\"@id\":\"https:\\\/\\\/hablandodeti.com\\\/blog\\\/#website\"},\"primaryImageOfPage\":{\"@id\":\"https:\\\/\\\/hablandodeti.com\\\/blog\\\/2011\\\/08\\\/16\\\/no-no-es-para-geeks-la-tablet-pc-pierre-cardin\\\/#primaryimage\"},\"image\":{\"@id\":\"https:\\\/\\\/hablandodeti.com\\\/blog\\\/2011\\\/08\\\/16\\\/no-no-es-para-geeks-la-tablet-pc-pierre-cardin\\\/#primaryimage\"},\"thumbnailUrl\":\"https:\\\/\\\/hablandodeti.com\\\/blog\\\/wp-content\\\/uploads\\\/2011\\\/08\\\/pierrecardin.jpg\",\"datePublished\":\"2011-08-17T02:41:26+00:00\",\"dateModified\":\"2011-08-17T04:24:24+00:00\",\"breadcrumb\":{\"@id\":\"https:\\\/\\\/hablandodeti.com\\\/blog\\\/2011\\\/08\\\/16\\\/no-no-es-para-geeks-la-tablet-pc-pierre-cardin\\\/#breadcrumb\"},\"inLanguage\":\"es\",\"potentialAction\":[{\"@type\":\"ReadAction\",\"target\":[\"https:\\\/\\\/hablandodeti.com\\\/blog\\\/2011\\\/08\\\/16\\\/no-no-es-para-geeks-la-tablet-pc-pierre-cardin\\\/\"]}]},{\"@type\":\"ImageObject\",\"inLanguage\":\"es\",\"@id\":\"https:\\\/\\\/hablandodeti.com\\\/blog\\\/2011\\\/08\\\/16\\\/no-no-es-para-geeks-la-tablet-pc-pierre-cardin\\\/#primaryimage\",\"url\":\"https:\\\/\\\/hablandodeti.com\\\/blog\\\/wp-content\\\/uploads\\\/2011\\\/08\\\/pierrecardin.jpg\",\"contentUrl\":\"https:\\\/\\\/hablandodeti.com\\\/blog\\\/wp-content\\\/uploads\\\/2011\\\/08\\\/pierrecardin.jpg\",\"width\":\"259\",\"height\":\"194\"},{\"@type\":\"BreadcrumbList\",\"@id\":\"https:\\\/\\\/hablandodeti.com\\\/blog\\\/2011\\\/08\\\/16\\\/no-no-es-para-geeks-la-tablet-pc-pierre-cardin\\\/#breadcrumb\",\"itemListElement\":[{\"@type\":\"ListItem\",\"position\":1,\"name\":\"Portada\",\"item\":\"https:\\\/\\\/hablandodeti.com\\\/blog\\\/\"},{\"@type\":\"ListItem\",\"position\":2,\"name\":\"No. No es para geeks la Tablet PC Pierre Cardin\"}]},{\"@type\":\"WebSite\",\"@id\":\"https:\\\/\\\/hablandodeti.com\\\/blog\\\/#website\",\"url\":\"https:\\\/\\\/hablandodeti.com\\\/blog\\\/\",\"name\":\"Hablando de TI\",\"description\":\"Apuntes de Vida y Tecnolog\u00eda\",\"publisher\":{\"@id\":\"https:\\\/\\\/hablandodeti.com\\\/blog\\\/#\\\/schema\\\/person\\\/cb9eb914c41b9aa527560547ed3a81b2\"},\"potentialAction\":[{\"@type\":\"SearchAction\",\"target\":{\"@type\":\"EntryPoint\",\"urlTemplate\":\"https:\\\/\\\/hablandodeti.com\\\/blog\\\/?s={search_term_string}\"},\"query-input\":{\"@type\":\"PropertyValueSpecification\",\"valueRequired\":true,\"valueName\":\"search_term_string\"}}],\"inLanguage\":\"es\"},{\"@type\":[\"Person\",\"Organization\"],\"@id\":\"https:\\\/\\\/hablandodeti.com\\\/blog\\\/#\\\/schema\\\/person\\\/cb9eb914c41b9aa527560547ed3a81b2\",\"name\":\"Alcides Le\u00f3n\",\"image\":{\"@type\":\"ImageObject\",\"inLanguage\":\"es\",\"@id\":\"https:\\\/\\\/i0.wp.com\\\/hablandodeti.com\\\/blog\\\/wp-content\\\/uploads\\\/2023\\\/01\\\/bannerhdti-long.png?fit=969%2C124&ssl=1\",\"url\":\"https:\\\/\\\/i0.wp.com\\\/hablandodeti.com\\\/blog\\\/wp-content\\\/uploads\\\/2023\\\/01\\\/bannerhdti-long.png?fit=969%2C124&ssl=1\",\"contentUrl\":\"https:\\\/\\\/i0.wp.com\\\/hablandodeti.com\\\/blog\\\/wp-content\\\/uploads\\\/2023\\\/01\\\/bannerhdti-long.png?fit=969%2C124&ssl=1\",\"width\":969,\"height\":124,\"caption\":\"Alcides Le\u00f3n\"},\"logo\":{\"@id\":\"https:\\\/\\\/i0.wp.com\\\/hablandodeti.com\\\/blog\\\/wp-content\\\/uploads\\\/2023\\\/01\\\/bannerhdti-long.png?fit=969%2C124&ssl=1\"},\"description\":\"Ingeniero en Computaci\u00f3n, Comunicador especializado en tecnolog\u00eda, Blogger, Asesor en SocialMedia, Venezolano y Latinaom\u00e9ricano\",\"sameAs\":[\"https:\\\/\\\/www.instagram.com\\\/aleon1969\",\"https:\\\/\\\/x.com\\\/https:\\\/\\\/www.twitter.com\\\/aleon1969\"],\"url\":\"https:\\\/\\\/hablandodeti.com\\\/blog\\\/author\\\/admin\\\/\"}]}<\/script>\n<!-- \/ Yoast SEO plugin. -->","yoast_head_json":{"title":"No. No es para geeks la Tablet PC Pierre Cardin - Hablando de TI","robots":{"index":"index","follow":"follow","max-snippet":"max-snippet:-1","max-image-preview":"max-image-preview:large","max-video-preview":"max-video-preview:-1"},"canonical":"https:\/\/hablandodeti.com\/blog\/2011\/08\/16\/no-no-es-para-geeks-la-tablet-pc-pierre-cardin\/","og_locale":"es_ES","og_type":"article","og_title":"No. No es para geeks la Tablet PC Pierre Cardin - Hablando de TI","og_description":"El colega y amigo Manuel Mandujano nos manda otra nota escrita en su propio teclado. Disfr\u00fatenla. \u00bfEs suficiente el nombre y la audacia para entrar al mercado de tabletas cuando la demanda y otras marcas se repliegan? El dise\u00f1ador Pierre Cardin lanz\u00f3 su Tablet PC el 8 de agosto de 2011 en Reino Unido: \u201cStay [&hellip;]","og_url":"https:\/\/hablandodeti.com\/blog\/2011\/08\/16\/no-no-es-para-geeks-la-tablet-pc-pierre-cardin\/","og_site_name":"Hablando de TI","article_published_time":"2011-08-17T02:41:26+00:00","article_modified_time":"2011-08-17T04:24:24+00:00","og_image":[{"width":259,"height":194,"url":"https:\/\/i0.wp.com\/hablandodeti.com\/blog\/wp-content\/uploads\/2011\/08\/pierrecardin.jpg?fit=259%2C194&ssl=1","type":"image\/jpeg"}],"author":"Alcides Le\u00f3n","twitter_card":"summary_large_image","twitter_creator":"@https:\/\/www.twitter.com\/aleon1969","twitter_site":"@aleon1969","twitter_misc":{"Escrito por":"Alcides Le\u00f3n","Tiempo de lectura":"4 minutos"},"schema":{"@context":"https:\/\/schema.org","@graph":[{"@type":"Article","@id":"https:\/\/hablandodeti.com\/blog\/2011\/08\/16\/no-no-es-para-geeks-la-tablet-pc-pierre-cardin\/#article","isPartOf":{"@id":"https:\/\/hablandodeti.com\/blog\/2011\/08\/16\/no-no-es-para-geeks-la-tablet-pc-pierre-cardin\/"},"author":{"name":"Alcides Le\u00f3n","@id":"https:\/\/hablandodeti.com\/blog\/#\/schema\/person\/cb9eb914c41b9aa527560547ed3a81b2"},"headline":"No. No es para geeks la Tablet PC Pierre Cardin","datePublished":"2011-08-17T02:41:26+00:00","dateModified":"2011-08-17T04:24:24+00:00","mainEntityOfPage":{"@id":"https:\/\/hablandodeti.com\/blog\/2011\/08\/16\/no-no-es-para-geeks-la-tablet-pc-pierre-cardin\/"},"wordCount":845,"commentCount":0,"publisher":{"@id":"https:\/\/hablandodeti.com\/blog\/#\/schema\/person\/cb9eb914c41b9aa527560547ed3a81b2"},"image":{"@id":"https:\/\/hablandodeti.com\/blog\/2011\/08\/16\/no-no-es-para-geeks-la-tablet-pc-pierre-cardin\/#primaryimage"},"thumbnailUrl":"https:\/\/hablandodeti.com\/blog\/wp-content\/uploads\/2011\/08\/pierrecardin.jpg","keywords":["Android","desing","Galaxy tab","iPad","Pierre Cardin","Tabletas"],"articleSection":["Tabletas","Tendencias"],"inLanguage":"es","potentialAction":[{"@type":"CommentAction","name":"Comment","target":["https:\/\/hablandodeti.com\/blog\/2011\/08\/16\/no-no-es-para-geeks-la-tablet-pc-pierre-cardin\/#respond"]}]},{"@type":"WebPage","@id":"https:\/\/hablandodeti.com\/blog\/2011\/08\/16\/no-no-es-para-geeks-la-tablet-pc-pierre-cardin\/","url":"https:\/\/hablandodeti.com\/blog\/2011\/08\/16\/no-no-es-para-geeks-la-tablet-pc-pierre-cardin\/","name":"No. No es para geeks la Tablet PC Pierre Cardin - Hablando de TI","isPartOf":{"@id":"https:\/\/hablandodeti.com\/blog\/#website"},"primaryImageOfPage":{"@id":"https:\/\/hablandodeti.com\/blog\/2011\/08\/16\/no-no-es-para-geeks-la-tablet-pc-pierre-cardin\/#primaryimage"},"image":{"@id":"https:\/\/hablandodeti.com\/blog\/2011\/08\/16\/no-no-es-para-geeks-la-tablet-pc-pierre-cardin\/#primaryimage"},"thumbnailUrl":"https:\/\/hablandodeti.com\/blog\/wp-content\/uploads\/2011\/08\/pierrecardin.jpg","datePublished":"2011-08-17T02:41:26+00:00","dateModified":"2011-08-17T04:24:24+00:00","breadcrumb":{"@id":"https:\/\/hablandodeti.com\/blog\/2011\/08\/16\/no-no-es-para-geeks-la-tablet-pc-pierre-cardin\/#breadcrumb"},"inLanguage":"es","potentialAction":[{"@type":"ReadAction","target":["https:\/\/hablandodeti.com\/blog\/2011\/08\/16\/no-no-es-para-geeks-la-tablet-pc-pierre-cardin\/"]}]},{"@type":"ImageObject","inLanguage":"es","@id":"https:\/\/hablandodeti.com\/blog\/2011\/08\/16\/no-no-es-para-geeks-la-tablet-pc-pierre-cardin\/#primaryimage","url":"https:\/\/hablandodeti.com\/blog\/wp-content\/uploads\/2011\/08\/pierrecardin.jpg","contentUrl":"https:\/\/hablandodeti.com\/blog\/wp-content\/uploads\/2011\/08\/pierrecardin.jpg","width":"259","height":"194"},{"@type":"BreadcrumbList","@id":"https:\/\/hablandodeti.com\/blog\/2011\/08\/16\/no-no-es-para-geeks-la-tablet-pc-pierre-cardin\/#breadcrumb","itemListElement":[{"@type":"ListItem","position":1,"name":"Portada","item":"https:\/\/hablandodeti.com\/blog\/"},{"@type":"ListItem","position":2,"name":"No. No es para geeks la Tablet PC Pierre Cardin"}]},{"@type":"WebSite","@id":"https:\/\/hablandodeti.com\/blog\/#website","url":"https:\/\/hablandodeti.com\/blog\/","name":"Hablando de TI","description":"Apuntes de Vida y Tecnolog\u00eda","publisher":{"@id":"https:\/\/hablandodeti.com\/blog\/#\/schema\/person\/cb9eb914c41b9aa527560547ed3a81b2"},"potentialAction":[{"@type":"SearchAction","target":{"@type":"EntryPoint","urlTemplate":"https:\/\/hablandodeti.com\/blog\/?s={search_term_string}"},"query-input":{"@type":"PropertyValueSpecification","valueRequired":true,"valueName":"search_term_string"}}],"inLanguage":"es"},{"@type":["Person","Organization"],"@id":"https:\/\/hablandodeti.com\/blog\/#\/schema\/person\/cb9eb914c41b9aa527560547ed3a81b2","name":"Alcides Le\u00f3n","image":{"@type":"ImageObject","inLanguage":"es","@id":"https:\/\/i0.wp.com\/hablandodeti.com\/blog\/wp-content\/uploads\/2023\/01\/bannerhdti-long.png?fit=969%2C124&ssl=1","url":"https:\/\/i0.wp.com\/hablandodeti.com\/blog\/wp-content\/uploads\/2023\/01\/bannerhdti-long.png?fit=969%2C124&ssl=1","contentUrl":"https:\/\/i0.wp.com\/hablandodeti.com\/blog\/wp-content\/uploads\/2023\/01\/bannerhdti-long.png?fit=969%2C124&ssl=1","width":969,"height":124,"caption":"Alcides Le\u00f3n"},"logo":{"@id":"https:\/\/i0.wp.com\/hablandodeti.com\/blog\/wp-content\/uploads\/2023\/01\/bannerhdti-long.png?fit=969%2C124&ssl=1"},"description":"Ingeniero en Computaci\u00f3n, Comunicador especializado en tecnolog\u00eda, Blogger, Asesor en SocialMedia, Venezolano y Latinaom\u00e9ricano","sameAs":["https:\/\/www.instagram.com\/aleon1969","https:\/\/x.com\/https:\/\/www.twitter.com\/aleon1969"],"url":"https:\/\/hablandodeti.com\/blog\/author\/admin\/"}]}},"_links":{"self":[{"href":"https:\/\/hablandodeti.com\/blog\/wp-json\/wp\/v2\/posts\/1474","targetHints":{"allow":["GET"]}}],"collection":[{"href":"https:\/\/hablandodeti.com\/blog\/wp-json\/wp\/v2\/posts"}],"about":[{"href":"https:\/\/hablandodeti.com\/blog\/wp-json\/wp\/v2\/types\/post"}],"author":[{"embeddable":true,"href":"https:\/\/hablandodeti.com\/blog\/wp-json\/wp\/v2\/users\/1"}],"replies":[{"embeddable":true,"href":"https:\/\/hablandodeti.com\/blog\/wp-json\/wp\/v2\/comments?post=1474"}],"version-history":[{"count":0,"href":"https:\/\/hablandodeti.com\/blog\/wp-json\/wp\/v2\/posts\/1474\/revisions"}],"wp:featuredmedia":[{"embeddable":true,"href":"https:\/\/hablandodeti.com\/blog\/wp-json\/wp\/v2\/media\/1475"}],"wp:attachment":[{"href":"https:\/\/hablandodeti.com\/blog\/wp-json\/wp\/v2\/media?parent=1474"}],"wp:term":[{"taxonomy":"category","embeddable":true,"href":"https:\/\/hablandodeti.com\/blog\/wp-json\/wp\/v2\/categories?post=1474"},{"taxonomy":"post_tag","embeddable":true,"href":"https:\/\/hablandodeti.com\/blog\/wp-json\/wp\/v2\/tags?post=1474"}],"curies":[{"name":"wp","href":"https:\/\/api.w.org\/{rel}","templated":true}]}}