{"id":2086,"date":"2012-09-16T23:59:33","date_gmt":"2012-09-17T04:29:33","guid":{"rendered":"https:\/\/hablandodeti.com\/blog\/?p=2086"},"modified":"2012-09-16T23:59:33","modified_gmt":"2012-09-17T04:29:33","slug":"intel-pone-todos-los-huevos-en-la-cesta-de-microsoft","status":"publish","type":"post","link":"https:\/\/hablandodeti.com\/blog\/2012\/09\/16\/intel-pone-todos-los-huevos-en-la-cesta-de-microsoft\/","title":{"rendered":"\u00bfIntel pone todos los huevos en la cesta de Microsoft?"},"content":{"rendered":"<p><a href=\"https:\/\/hablandodeti.com\/blog\/wp-content\/uploads\/2012\/09\/surfaceforintel.jpg\"><img loading=\"lazy\" decoding=\"async\" src=\"https:\/\/hablandodeti.com\/blog\/wp-content\/uploads\/2012\/09\/surfaceforintel.jpg\" alt=\"\" title=\"surfaceforintel\" width=\"400\" height=\"266\" class=\"alignleft size-full wp-image-2087\" srcset=\"https:\/\/hablandodeti.com\/blog\/wp-content\/uploads\/2012\/09\/surfaceforintel.jpg 400w, https:\/\/hablandodeti.com\/blog\/wp-content\/uploads\/2012\/09\/surfaceforintel-300x199.jpg 300w, https:\/\/hablandodeti.com\/blog\/wp-content\/uploads\/2012\/09\/surfaceforintel-303x200.jpg 303w\" sizes=\"auto, (max-width: 400px) 100vw, 400px\" \/><\/a><br \/>\nDesde hace tiempo he cuestionado la pol\u00edtica de Intel sobre dispositivos m\u00f3viles, y el tiempo me ha estado dando la raz\u00f3n.<\/p>\n<p>He de confesar que como t\u00e9cnico tengo una admiraci\u00f3n importante por Intel, su tecnolog\u00eda, y los aportes que ha hecho al mundo de la tecnolog\u00eda. Sin embargo me cuesta mucho entender el comportamiento de Intel en el mercado m\u00f3vil, donde a pesar de contar con la mejor tecnolog\u00eda de fabricaci\u00f3n de chips, no ha logrado imponerse ante competidores como Qualcomm, ARM o la misma Apple. <\/p>\n<p>Ahora Intel termina colocando todos los huevos en la cesta de Microsoft, o por lo menos as\u00ed parece. En el m\u00e1s reciente Intel Developpers Forum, anunci\u00f3 que su nueva versi\u00f3n de chip Atom &#8211;que est\u00e1 dise\u00f1ado espec\u00edficamente para m\u00f3viles\u2014no ejecutar\u00e1 Linux. <\/p>\n<p>Se trata de un chip \u201cWindows 8\u201d a decir de los voceros, y no recuerdo haber visto esa limitante en el roadmap \u2013l\u00ednea de productos futuros&#8211; de Intel hace apenas unos meses, cuando tuve la oportunidad de asistir a la versi\u00f3n latinoamericana del IDF en Brasil.<\/p>\n<p>Surface, la tableta de Microsoft estar\u00e1 disponible en dos versiones, una m\u00e1s liviana que s\u00f3lo ejecutar\u00e1 aplicaciones modernas \u2013con el llamado Windows RT, sobre procesadores ARM\u2014y otra aplicaci\u00f3n que ser\u00e1 compatible con aplicaciones existentes y las nuevas, basada en chips compatibles con la arquitectura x86 de Intel. Y estas tabletas &#8211;que se supone ser\u00e1n tan poderosas como una PC port\u00e1til&#8211; deber\u00e1n ser m\u00e1s baratas que una port\u00e1til, y especialmente m\u00e1s baratas que el iPad, la reina del mercado.<\/p>\n<p>Los c\u00e1lculos de Intel son acaparar ese mercado con procesadores Atom \u2013aunque en teor\u00eda podr\u00edan usarse procesadores AMD y VIA que sean compatibles con x86&#8211;<br \/>\nY por eso est\u00e1 optimizando el chip para el nuevo sistema de Microsfot, sin embargo al restarle compatibilidad con Linux, se pierde el segundo mercado m\u00e1s grande de tabletas, que funciona sobre Android.<\/p>\n<p>Habr\u00e1 que esperar a que Microsoft lance sus tabletas y Windows 8 y habr\u00e1 que ver como reacciona el mercado a ambos, para conocer si la jugada de Intel resulta adecuada. Mientras tanto, seguiremos <strong><em>hablandodeti<\/em><\/strong> Intel, y de tus nuevos procesadores.<\/p>\n","protected":false},"excerpt":{"rendered":"<p>Desde hace tiempo he cuestionado la pol\u00edtica de Intel sobre dispositivos m\u00f3viles, y el tiempo me ha estado dando la raz\u00f3n. He de confesar que como t\u00e9cnico tengo una admiraci\u00f3n importante por Intel, su tecnolog\u00eda, y los aportes que ha hecho al mundo de la tecnolog\u00eda. Sin embargo me cuesta mucho entender el comportamiento de [&hellip;]<\/p>\n","protected":false},"author":1,"featured_media":2087,"comment_status":"open","ping_status":"open","sticky":false,"template":"","format":"standard","meta":{"footnotes":""},"categories":[1508,1520,1515,867,41],"tags":[46,1597,43,2699,1542,1329],"class_list":["post-2086","post","type-post","status-publish","format-standard","has-post-thumbnail","hentry","category-especial","category-intel-2","category-microsoft-2","category-tablet-pc","category-tendencias","tag-atom","tag-chip","tag-intel","tag-linux","tag-surface","tag-windows-8"],"yoast_head":"<!-- This site is optimized with the Yoast SEO plugin v27.5 - https:\/\/yoast.com\/product\/yoast-seo-wordpress\/ -->\n<title>\u00bfIntel pone todos los huevos en la cesta de Microsoft? - Hablando de TI<\/title>\n<meta name=\"robots\" content=\"index, follow, max-snippet:-1, max-image-preview:large, max-video-preview:-1\" \/>\n<link rel=\"canonical\" href=\"https:\/\/hablandodeti.com\/blog\/2012\/09\/16\/intel-pone-todos-los-huevos-en-la-cesta-de-microsoft\/\" \/>\n<meta property=\"og:locale\" content=\"es_ES\" \/>\n<meta property=\"og:type\" content=\"article\" \/>\n<meta property=\"og:title\" content=\"\u00bfIntel pone todos los huevos en la cesta de Microsoft? - Hablando de TI\" \/>\n<meta property=\"og:description\" content=\"Desde hace tiempo he cuestionado la pol\u00edtica de Intel sobre dispositivos m\u00f3viles, y el tiempo me ha estado dando la raz\u00f3n. He de confesar que como t\u00e9cnico tengo una admiraci\u00f3n importante por Intel, su tecnolog\u00eda, y los aportes que ha hecho al mundo de la tecnolog\u00eda. Sin embargo me cuesta mucho entender el comportamiento de [&hellip;]\" \/>\n<meta property=\"og:url\" content=\"https:\/\/hablandodeti.com\/blog\/2012\/09\/16\/intel-pone-todos-los-huevos-en-la-cesta-de-microsoft\/\" \/>\n<meta property=\"og:site_name\" content=\"Hablando de TI\" \/>\n<meta property=\"article:published_time\" content=\"2012-09-17T04:29:33+00:00\" \/>\n<meta property=\"og:image\" content=\"https:\/\/i0.wp.com\/hablandodeti.com\/blog\/wp-content\/uploads\/2012\/09\/surfaceforintel.jpg?fit=400%2C266&ssl=1\" \/>\n\t<meta property=\"og:image:width\" content=\"400\" \/>\n\t<meta property=\"og:image:height\" content=\"266\" \/>\n\t<meta property=\"og:image:type\" content=\"image\/jpeg\" \/>\n<meta name=\"author\" content=\"Alcides Le\u00f3n\" \/>\n<meta name=\"twitter:card\" content=\"summary_large_image\" \/>\n<meta name=\"twitter:creator\" content=\"@https:\/\/www.twitter.com\/aleon1969\" \/>\n<meta name=\"twitter:site\" content=\"@aleon1969\" \/>\n<meta name=\"twitter:label1\" content=\"Escrito por\" \/>\n\t<meta name=\"twitter:data1\" content=\"Alcides Le\u00f3n\" \/>\n\t<meta name=\"twitter:label2\" content=\"Tiempo de lectura\" \/>\n\t<meta name=\"twitter:data2\" content=\"2 minutos\" \/>\n<script type=\"application\/ld+json\" class=\"yoast-schema-graph\">{\"@context\":\"https:\\\/\\\/schema.org\",\"@graph\":[{\"@type\":\"Article\",\"@id\":\"https:\\\/\\\/hablandodeti.com\\\/blog\\\/2012\\\/09\\\/16\\\/intel-pone-todos-los-huevos-en-la-cesta-de-microsoft\\\/#article\",\"isPartOf\":{\"@id\":\"https:\\\/\\\/hablandodeti.com\\\/blog\\\/2012\\\/09\\\/16\\\/intel-pone-todos-los-huevos-en-la-cesta-de-microsoft\\\/\"},\"author\":{\"name\":\"Alcides Le\u00f3n\",\"@id\":\"https:\\\/\\\/hablandodeti.com\\\/blog\\\/#\\\/schema\\\/person\\\/cb9eb914c41b9aa527560547ed3a81b2\"},\"headline\":\"\u00bfIntel pone todos los huevos en la cesta de Microsoft?\",\"datePublished\":\"2012-09-17T04:29:33+00:00\",\"mainEntityOfPage\":{\"@id\":\"https:\\\/\\\/hablandodeti.com\\\/blog\\\/2012\\\/09\\\/16\\\/intel-pone-todos-los-huevos-en-la-cesta-de-microsoft\\\/\"},\"wordCount\":391,\"commentCount\":0,\"publisher\":{\"@id\":\"https:\\\/\\\/hablandodeti.com\\\/blog\\\/#\\\/schema\\\/person\\\/cb9eb914c41b9aa527560547ed3a81b2\"},\"image\":{\"@id\":\"https:\\\/\\\/hablandodeti.com\\\/blog\\\/2012\\\/09\\\/16\\\/intel-pone-todos-los-huevos-en-la-cesta-de-microsoft\\\/#primaryimage\"},\"thumbnailUrl\":\"https:\\\/\\\/hablandodeti.com\\\/blog\\\/wp-content\\\/uploads\\\/2012\\\/09\\\/surfaceforintel.jpg\",\"keywords\":[\"atom\",\"Chip\",\"Intel\",\"Linux\",\"Surface\",\"Windows 8\"],\"articleSection\":[\"Especial\",\"Intel\",\"Microsoft\",\"Tabletas\",\"Tendencias\"],\"inLanguage\":\"es\",\"potentialAction\":[{\"@type\":\"CommentAction\",\"name\":\"Comment\",\"target\":[\"https:\\\/\\\/hablandodeti.com\\\/blog\\\/2012\\\/09\\\/16\\\/intel-pone-todos-los-huevos-en-la-cesta-de-microsoft\\\/#respond\"]}]},{\"@type\":\"WebPage\",\"@id\":\"https:\\\/\\\/hablandodeti.com\\\/blog\\\/2012\\\/09\\\/16\\\/intel-pone-todos-los-huevos-en-la-cesta-de-microsoft\\\/\",\"url\":\"https:\\\/\\\/hablandodeti.com\\\/blog\\\/2012\\\/09\\\/16\\\/intel-pone-todos-los-huevos-en-la-cesta-de-microsoft\\\/\",\"name\":\"\u00bfIntel pone todos los huevos en la cesta de Microsoft? - Hablando de TI\",\"isPartOf\":{\"@id\":\"https:\\\/\\\/hablandodeti.com\\\/blog\\\/#website\"},\"primaryImageOfPage\":{\"@id\":\"https:\\\/\\\/hablandodeti.com\\\/blog\\\/2012\\\/09\\\/16\\\/intel-pone-todos-los-huevos-en-la-cesta-de-microsoft\\\/#primaryimage\"},\"image\":{\"@id\":\"https:\\\/\\\/hablandodeti.com\\\/blog\\\/2012\\\/09\\\/16\\\/intel-pone-todos-los-huevos-en-la-cesta-de-microsoft\\\/#primaryimage\"},\"thumbnailUrl\":\"https:\\\/\\\/hablandodeti.com\\\/blog\\\/wp-content\\\/uploads\\\/2012\\\/09\\\/surfaceforintel.jpg\",\"datePublished\":\"2012-09-17T04:29:33+00:00\",\"breadcrumb\":{\"@id\":\"https:\\\/\\\/hablandodeti.com\\\/blog\\\/2012\\\/09\\\/16\\\/intel-pone-todos-los-huevos-en-la-cesta-de-microsoft\\\/#breadcrumb\"},\"inLanguage\":\"es\",\"potentialAction\":[{\"@type\":\"ReadAction\",\"target\":[\"https:\\\/\\\/hablandodeti.com\\\/blog\\\/2012\\\/09\\\/16\\\/intel-pone-todos-los-huevos-en-la-cesta-de-microsoft\\\/\"]}]},{\"@type\":\"ImageObject\",\"inLanguage\":\"es\",\"@id\":\"https:\\\/\\\/hablandodeti.com\\\/blog\\\/2012\\\/09\\\/16\\\/intel-pone-todos-los-huevos-en-la-cesta-de-microsoft\\\/#primaryimage\",\"url\":\"https:\\\/\\\/hablandodeti.com\\\/blog\\\/wp-content\\\/uploads\\\/2012\\\/09\\\/surfaceforintel.jpg\",\"contentUrl\":\"https:\\\/\\\/hablandodeti.com\\\/blog\\\/wp-content\\\/uploads\\\/2012\\\/09\\\/surfaceforintel.jpg\",\"width\":\"400\",\"height\":\"266\"},{\"@type\":\"BreadcrumbList\",\"@id\":\"https:\\\/\\\/hablandodeti.com\\\/blog\\\/2012\\\/09\\\/16\\\/intel-pone-todos-los-huevos-en-la-cesta-de-microsoft\\\/#breadcrumb\",\"itemListElement\":[{\"@type\":\"ListItem\",\"position\":1,\"name\":\"Portada\",\"item\":\"https:\\\/\\\/hablandodeti.com\\\/blog\\\/\"},{\"@type\":\"ListItem\",\"position\":2,\"name\":\"\u00bfIntel pone todos los huevos en la cesta de Microsoft?\"}]},{\"@type\":\"WebSite\",\"@id\":\"https:\\\/\\\/hablandodeti.com\\\/blog\\\/#website\",\"url\":\"https:\\\/\\\/hablandodeti.com\\\/blog\\\/\",\"name\":\"Hablando de TI\",\"description\":\"Apuntes de Vida y Tecnolog\u00eda\",\"publisher\":{\"@id\":\"https:\\\/\\\/hablandodeti.com\\\/blog\\\/#\\\/schema\\\/person\\\/cb9eb914c41b9aa527560547ed3a81b2\"},\"potentialAction\":[{\"@type\":\"SearchAction\",\"target\":{\"@type\":\"EntryPoint\",\"urlTemplate\":\"https:\\\/\\\/hablandodeti.com\\\/blog\\\/?s={search_term_string}\"},\"query-input\":{\"@type\":\"PropertyValueSpecification\",\"valueRequired\":true,\"valueName\":\"search_term_string\"}}],\"inLanguage\":\"es\"},{\"@type\":[\"Person\",\"Organization\"],\"@id\":\"https:\\\/\\\/hablandodeti.com\\\/blog\\\/#\\\/schema\\\/person\\\/cb9eb914c41b9aa527560547ed3a81b2\",\"name\":\"Alcides Le\u00f3n\",\"image\":{\"@type\":\"ImageObject\",\"inLanguage\":\"es\",\"@id\":\"https:\\\/\\\/i0.wp.com\\\/hablandodeti.com\\\/blog\\\/wp-content\\\/uploads\\\/2023\\\/01\\\/bannerhdti-long.png?fit=969%2C124&ssl=1\",\"url\":\"https:\\\/\\\/i0.wp.com\\\/hablandodeti.com\\\/blog\\\/wp-content\\\/uploads\\\/2023\\\/01\\\/bannerhdti-long.png?fit=969%2C124&ssl=1\",\"contentUrl\":\"https:\\\/\\\/i0.wp.com\\\/hablandodeti.com\\\/blog\\\/wp-content\\\/uploads\\\/2023\\\/01\\\/bannerhdti-long.png?fit=969%2C124&ssl=1\",\"width\":969,\"height\":124,\"caption\":\"Alcides Le\u00f3n\"},\"logo\":{\"@id\":\"https:\\\/\\\/i0.wp.com\\\/hablandodeti.com\\\/blog\\\/wp-content\\\/uploads\\\/2023\\\/01\\\/bannerhdti-long.png?fit=969%2C124&ssl=1\"},\"description\":\"Ingeniero en Computaci\u00f3n, Comunicador especializado en tecnolog\u00eda, Blogger, Asesor en SocialMedia, Venezolano y Latinaom\u00e9ricano\",\"sameAs\":[\"https:\\\/\\\/www.instagram.com\\\/aleon1969\",\"https:\\\/\\\/x.com\\\/https:\\\/\\\/www.twitter.com\\\/aleon1969\"],\"url\":\"https:\\\/\\\/hablandodeti.com\\\/blog\\\/author\\\/admin\\\/\"}]}<\/script>\n<!-- \/ Yoast SEO plugin. -->","yoast_head_json":{"title":"\u00bfIntel pone todos los huevos en la cesta de Microsoft? - Hablando de TI","robots":{"index":"index","follow":"follow","max-snippet":"max-snippet:-1","max-image-preview":"max-image-preview:large","max-video-preview":"max-video-preview:-1"},"canonical":"https:\/\/hablandodeti.com\/blog\/2012\/09\/16\/intel-pone-todos-los-huevos-en-la-cesta-de-microsoft\/","og_locale":"es_ES","og_type":"article","og_title":"\u00bfIntel pone todos los huevos en la cesta de Microsoft? - Hablando de TI","og_description":"Desde hace tiempo he cuestionado la pol\u00edtica de Intel sobre dispositivos m\u00f3viles, y el tiempo me ha estado dando la raz\u00f3n. He de confesar que como t\u00e9cnico tengo una admiraci\u00f3n importante por Intel, su tecnolog\u00eda, y los aportes que ha hecho al mundo de la tecnolog\u00eda. Sin embargo me cuesta mucho entender el comportamiento de [&hellip;]","og_url":"https:\/\/hablandodeti.com\/blog\/2012\/09\/16\/intel-pone-todos-los-huevos-en-la-cesta-de-microsoft\/","og_site_name":"Hablando de TI","article_published_time":"2012-09-17T04:29:33+00:00","og_image":[{"width":400,"height":266,"url":"https:\/\/i0.wp.com\/hablandodeti.com\/blog\/wp-content\/uploads\/2012\/09\/surfaceforintel.jpg?fit=400%2C266&ssl=1","type":"image\/jpeg"}],"author":"Alcides Le\u00f3n","twitter_card":"summary_large_image","twitter_creator":"@https:\/\/www.twitter.com\/aleon1969","twitter_site":"@aleon1969","twitter_misc":{"Escrito por":"Alcides Le\u00f3n","Tiempo de lectura":"2 minutos"},"schema":{"@context":"https:\/\/schema.org","@graph":[{"@type":"Article","@id":"https:\/\/hablandodeti.com\/blog\/2012\/09\/16\/intel-pone-todos-los-huevos-en-la-cesta-de-microsoft\/#article","isPartOf":{"@id":"https:\/\/hablandodeti.com\/blog\/2012\/09\/16\/intel-pone-todos-los-huevos-en-la-cesta-de-microsoft\/"},"author":{"name":"Alcides Le\u00f3n","@id":"https:\/\/hablandodeti.com\/blog\/#\/schema\/person\/cb9eb914c41b9aa527560547ed3a81b2"},"headline":"\u00bfIntel pone todos los huevos en la cesta de Microsoft?","datePublished":"2012-09-17T04:29:33+00:00","mainEntityOfPage":{"@id":"https:\/\/hablandodeti.com\/blog\/2012\/09\/16\/intel-pone-todos-los-huevos-en-la-cesta-de-microsoft\/"},"wordCount":391,"commentCount":0,"publisher":{"@id":"https:\/\/hablandodeti.com\/blog\/#\/schema\/person\/cb9eb914c41b9aa527560547ed3a81b2"},"image":{"@id":"https:\/\/hablandodeti.com\/blog\/2012\/09\/16\/intel-pone-todos-los-huevos-en-la-cesta-de-microsoft\/#primaryimage"},"thumbnailUrl":"https:\/\/hablandodeti.com\/blog\/wp-content\/uploads\/2012\/09\/surfaceforintel.jpg","keywords":["atom","Chip","Intel","Linux","Surface","Windows 8"],"articleSection":["Especial","Intel","Microsoft","Tabletas","Tendencias"],"inLanguage":"es","potentialAction":[{"@type":"CommentAction","name":"Comment","target":["https:\/\/hablandodeti.com\/blog\/2012\/09\/16\/intel-pone-todos-los-huevos-en-la-cesta-de-microsoft\/#respond"]}]},{"@type":"WebPage","@id":"https:\/\/hablandodeti.com\/blog\/2012\/09\/16\/intel-pone-todos-los-huevos-en-la-cesta-de-microsoft\/","url":"https:\/\/hablandodeti.com\/blog\/2012\/09\/16\/intel-pone-todos-los-huevos-en-la-cesta-de-microsoft\/","name":"\u00bfIntel pone todos los huevos en la cesta de Microsoft? - Hablando de TI","isPartOf":{"@id":"https:\/\/hablandodeti.com\/blog\/#website"},"primaryImageOfPage":{"@id":"https:\/\/hablandodeti.com\/blog\/2012\/09\/16\/intel-pone-todos-los-huevos-en-la-cesta-de-microsoft\/#primaryimage"},"image":{"@id":"https:\/\/hablandodeti.com\/blog\/2012\/09\/16\/intel-pone-todos-los-huevos-en-la-cesta-de-microsoft\/#primaryimage"},"thumbnailUrl":"https:\/\/hablandodeti.com\/blog\/wp-content\/uploads\/2012\/09\/surfaceforintel.jpg","datePublished":"2012-09-17T04:29:33+00:00","breadcrumb":{"@id":"https:\/\/hablandodeti.com\/blog\/2012\/09\/16\/intel-pone-todos-los-huevos-en-la-cesta-de-microsoft\/#breadcrumb"},"inLanguage":"es","potentialAction":[{"@type":"ReadAction","target":["https:\/\/hablandodeti.com\/blog\/2012\/09\/16\/intel-pone-todos-los-huevos-en-la-cesta-de-microsoft\/"]}]},{"@type":"ImageObject","inLanguage":"es","@id":"https:\/\/hablandodeti.com\/blog\/2012\/09\/16\/intel-pone-todos-los-huevos-en-la-cesta-de-microsoft\/#primaryimage","url":"https:\/\/hablandodeti.com\/blog\/wp-content\/uploads\/2012\/09\/surfaceforintel.jpg","contentUrl":"https:\/\/hablandodeti.com\/blog\/wp-content\/uploads\/2012\/09\/surfaceforintel.jpg","width":"400","height":"266"},{"@type":"BreadcrumbList","@id":"https:\/\/hablandodeti.com\/blog\/2012\/09\/16\/intel-pone-todos-los-huevos-en-la-cesta-de-microsoft\/#breadcrumb","itemListElement":[{"@type":"ListItem","position":1,"name":"Portada","item":"https:\/\/hablandodeti.com\/blog\/"},{"@type":"ListItem","position":2,"name":"\u00bfIntel pone todos los huevos en la cesta de Microsoft?"}]},{"@type":"WebSite","@id":"https:\/\/hablandodeti.com\/blog\/#website","url":"https:\/\/hablandodeti.com\/blog\/","name":"Hablando de TI","description":"Apuntes de Vida y Tecnolog\u00eda","publisher":{"@id":"https:\/\/hablandodeti.com\/blog\/#\/schema\/person\/cb9eb914c41b9aa527560547ed3a81b2"},"potentialAction":[{"@type":"SearchAction","target":{"@type":"EntryPoint","urlTemplate":"https:\/\/hablandodeti.com\/blog\/?s={search_term_string}"},"query-input":{"@type":"PropertyValueSpecification","valueRequired":true,"valueName":"search_term_string"}}],"inLanguage":"es"},{"@type":["Person","Organization"],"@id":"https:\/\/hablandodeti.com\/blog\/#\/schema\/person\/cb9eb914c41b9aa527560547ed3a81b2","name":"Alcides Le\u00f3n","image":{"@type":"ImageObject","inLanguage":"es","@id":"https:\/\/i0.wp.com\/hablandodeti.com\/blog\/wp-content\/uploads\/2023\/01\/bannerhdti-long.png?fit=969%2C124&ssl=1","url":"https:\/\/i0.wp.com\/hablandodeti.com\/blog\/wp-content\/uploads\/2023\/01\/bannerhdti-long.png?fit=969%2C124&ssl=1","contentUrl":"https:\/\/i0.wp.com\/hablandodeti.com\/blog\/wp-content\/uploads\/2023\/01\/bannerhdti-long.png?fit=969%2C124&ssl=1","width":969,"height":124,"caption":"Alcides Le\u00f3n"},"logo":{"@id":"https:\/\/i0.wp.com\/hablandodeti.com\/blog\/wp-content\/uploads\/2023\/01\/bannerhdti-long.png?fit=969%2C124&ssl=1"},"description":"Ingeniero en Computaci\u00f3n, Comunicador especializado en tecnolog\u00eda, Blogger, Asesor en SocialMedia, Venezolano y Latinaom\u00e9ricano","sameAs":["https:\/\/www.instagram.com\/aleon1969","https:\/\/x.com\/https:\/\/www.twitter.com\/aleon1969"],"url":"https:\/\/hablandodeti.com\/blog\/author\/admin\/"}]}},"_links":{"self":[{"href":"https:\/\/hablandodeti.com\/blog\/wp-json\/wp\/v2\/posts\/2086","targetHints":{"allow":["GET"]}}],"collection":[{"href":"https:\/\/hablandodeti.com\/blog\/wp-json\/wp\/v2\/posts"}],"about":[{"href":"https:\/\/hablandodeti.com\/blog\/wp-json\/wp\/v2\/types\/post"}],"author":[{"embeddable":true,"href":"https:\/\/hablandodeti.com\/blog\/wp-json\/wp\/v2\/users\/1"}],"replies":[{"embeddable":true,"href":"https:\/\/hablandodeti.com\/blog\/wp-json\/wp\/v2\/comments?post=2086"}],"version-history":[{"count":0,"href":"https:\/\/hablandodeti.com\/blog\/wp-json\/wp\/v2\/posts\/2086\/revisions"}],"wp:featuredmedia":[{"embeddable":true,"href":"https:\/\/hablandodeti.com\/blog\/wp-json\/wp\/v2\/media\/2087"}],"wp:attachment":[{"href":"https:\/\/hablandodeti.com\/blog\/wp-json\/wp\/v2\/media?parent=2086"}],"wp:term":[{"taxonomy":"category","embeddable":true,"href":"https:\/\/hablandodeti.com\/blog\/wp-json\/wp\/v2\/categories?post=2086"},{"taxonomy":"post_tag","embeddable":true,"href":"https:\/\/hablandodeti.com\/blog\/wp-json\/wp\/v2\/tags?post=2086"}],"curies":[{"name":"wp","href":"https:\/\/api.w.org\/{rel}","templated":true}]}}