{"id":2790,"date":"2013-11-01T22:23:51","date_gmt":"2013-11-02T02:53:51","guid":{"rendered":"https:\/\/hablandodeti.com\/blog\/?p=2790"},"modified":"2013-11-01T22:23:51","modified_gmt":"2013-11-02T02:53:51","slug":"muere-el-padre-de-la-ibm-pc","status":"publish","type":"post","link":"https:\/\/hablandodeti.com\/blog\/2013\/11\/01\/muere-el-padre-de-la-ibm-pc\/","title":{"rendered":"Muere el padre de la [IBM] PC"},"content":{"rendered":"<p><a href=\"https:\/\/hablandodeti.com\/blog\/wp-content\/uploads\/2013\/11\/lowe.jpg\"><img loading=\"lazy\" decoding=\"async\" src=\"https:\/\/hablandodeti.com\/blog\/wp-content\/uploads\/2013\/11\/lowe-300x199.jpg\" alt=\"lowe\" width=\"300\" height=\"199\" class=\"alignleft size-medium wp-image-2791\" \/><\/a><br \/>\nHoy d\u00eda es f\u00e1cil dar por sentado que las PC han existido desde siempre o que eran una consecuencia l\u00f3gica de la evoluci\u00f3n tecnol\u00f3gica. Sin embargo hace apenas 35 a\u00f1os no era as\u00ed. De hecho ni siquiera exist\u00eda el t\u00e9rmino PC y la palabra Computador, era sin\u00f3nimo de grandes centros de investigaci\u00f3n, un especie de ciencia ficci\u00f3n hecha realidad para s\u00f3lo unos pocos.<\/p>\n<p>Pero en la d\u00e9cada de los 70 algunas personas y empresas luchaban por que esto no fuera as\u00ed. En algunos garages de suburbios de ciudades de Estados Unidos empezaron a surgir empresas de emprendedores que ofrec\u00edan sencillos kits de computadoras para armar, muy lejos del concepto de computador que hoy tenemos.<\/p>\n<p>Pero a finales de la d\u00e9cada ya Apple, Atari, Conmodore y otros hab\u00edan lanzado computadores personales, llamados PC por las siglas en ingl\u00e9s de Personal Computer. Y Atari quiso vender su computadora personal a la gran empresa de tecnolog\u00eda del momento, IBM, aunque sin \u00e9xito. Sin embargo IBM se di\u00f3 cuenta del gran potencial de las llamadas PC, y encarg\u00f3 a uno de sus mejores hombres, William C. Lowe, encargado del laboratorio de Boca Rat\u00f3n de IBM.<\/p>\n<p>El CEO de la empresa para aquel entonces, Frank Cary, le encarg\u00f3 a Lowe desarrollar un producto, en menos de un a\u00f1o, que le permitiera al gigante azul competir en este mercado incipiente. El proyecto \u201cajedrez\u201d cont\u00f3 con una docena de cient\u00edficos dirigidos por Lowe que dieron vida a la IBM Acorn o \u201cBellota\u201d, nombre que fue cambiado a IBM PC en el momento de su lanzamiento en Agosto de 1981.<\/p>\n<p>La IBM PC, tambi\u00e9n distinguida con el n\u00famero 5150, hab\u00eda nacido e incorporaba un procesador de Intel, el 8088, funcionando a 4.77 MHz \u2013MegaHertz, no GigaHertz como hoy d\u00eda\u2014con 16KB de Memoria, expandible hasta 256KB, todo por US$1.565. Con este equipo IBM logr\u00f3 no solo quedarse con el mercado de las PC por muchos a\u00f1os, sino tambi\u00e9n apropiarse del termino PC.<\/p>\n<p>Lowe destacar\u00eda a\u00f1os m\u00e1s tarde que nunca estuvieron conscientes de que podr\u00edan estar cambiando el mundo, sino que m\u00e1s bien estaban preocupados por la atenci\u00f3n que Apple estaba logrando de los desarrolladores. IBM estaba aprendiendo a vivir en un mundo donde las computadoras no costaban millones, un mundo que parad\u00f3jicamente IBM ayud\u00f3 a que creciera como ninguna otra empresa.<\/p>\n<p>Hoy estoy hablandodeti, Bill Lowe, como un peque\u00f1o homenaje p\u00f3stumo a tu relevante papel en construir este mundo moderno en el que vivimos. <\/p>\n","protected":false},"excerpt":{"rendered":"<p>Hoy d\u00eda es f\u00e1cil dar por sentado que las PC han existido desde siempre o que eran una consecuencia l\u00f3gica de la evoluci\u00f3n tecnol\u00f3gica. Sin embargo hace apenas 35 a\u00f1os no era as\u00ed. De hecho ni siquiera exist\u00eda el t\u00e9rmino PC y la palabra Computador, era sin\u00f3nimo de grandes centros de investigaci\u00f3n, un especie de [&hellip;]<\/p>\n","protected":false},"author":1,"featured_media":0,"comment_status":"open","ping_status":"open","sticky":false,"template":"","format":"standard","meta":{"footnotes":""},"categories":[1508,253,1510,571,1520],"tags":[2298,2299,2712,1834,2300,2297,43,2295,196,2296],"class_list":["post-2790","post","type-post","status-publish","format-standard","hentry","category-especial","category-historia","category-ibm-2","category-industria","category-intel-2","tag-4-77-mhz","tag-2299","tag-apple","tag-atari","tag-conmodore","tag-ibm-pc","tag-intel","tag-lowe","tag-pc","tag-william-c-lowe"],"yoast_head":"<!-- This site is optimized with the Yoast SEO plugin v27.5 - https:\/\/yoast.com\/product\/yoast-seo-wordpress\/ -->\n<title>Muere el padre de la [IBM] PC - Hablando de TI<\/title>\n<meta name=\"robots\" content=\"index, follow, max-snippet:-1, max-image-preview:large, max-video-preview:-1\" \/>\n<link rel=\"canonical\" href=\"https:\/\/hablandodeti.com\/blog\/2013\/11\/01\/muere-el-padre-de-la-ibm-pc\/\" \/>\n<meta property=\"og:locale\" content=\"es_ES\" \/>\n<meta property=\"og:type\" content=\"article\" \/>\n<meta property=\"og:title\" content=\"Muere el padre de la [IBM] PC - Hablando de TI\" \/>\n<meta property=\"og:description\" content=\"Hoy d\u00eda es f\u00e1cil dar por sentado que las PC han existido desde siempre o que eran una consecuencia l\u00f3gica de la evoluci\u00f3n tecnol\u00f3gica. Sin embargo hace apenas 35 a\u00f1os no era as\u00ed. De hecho ni siquiera exist\u00eda el t\u00e9rmino PC y la palabra Computador, era sin\u00f3nimo de grandes centros de investigaci\u00f3n, un especie de [&hellip;]\" \/>\n<meta property=\"og:url\" content=\"https:\/\/hablandodeti.com\/blog\/2013\/11\/01\/muere-el-padre-de-la-ibm-pc\/\" \/>\n<meta property=\"og:site_name\" content=\"Hablando de TI\" \/>\n<meta property=\"article:published_time\" content=\"2013-11-02T02:53:51+00:00\" \/>\n<meta property=\"og:image\" content=\"https:\/\/hablandodeti.com\/blog\/wp-content\/uploads\/2013\/11\/lowe-300x199.jpg\" \/>\n<meta name=\"author\" content=\"Alcides Le\u00f3n\" \/>\n<meta name=\"twitter:card\" content=\"summary_large_image\" \/>\n<meta name=\"twitter:creator\" content=\"@https:\/\/www.twitter.com\/aleon1969\" \/>\n<meta name=\"twitter:site\" content=\"@aleon1969\" \/>\n<meta name=\"twitter:label1\" content=\"Escrito por\" \/>\n\t<meta name=\"twitter:data1\" content=\"Alcides Le\u00f3n\" \/>\n\t<meta name=\"twitter:label2\" content=\"Tiempo de lectura\" \/>\n\t<meta name=\"twitter:data2\" content=\"2 minutos\" \/>\n<script type=\"application\/ld+json\" class=\"yoast-schema-graph\">{\"@context\":\"https:\\\/\\\/schema.org\",\"@graph\":[{\"@type\":\"Article\",\"@id\":\"https:\\\/\\\/hablandodeti.com\\\/blog\\\/2013\\\/11\\\/01\\\/muere-el-padre-de-la-ibm-pc\\\/#article\",\"isPartOf\":{\"@id\":\"https:\\\/\\\/hablandodeti.com\\\/blog\\\/2013\\\/11\\\/01\\\/muere-el-padre-de-la-ibm-pc\\\/\"},\"author\":{\"name\":\"Alcides Le\u00f3n\",\"@id\":\"https:\\\/\\\/hablandodeti.com\\\/blog\\\/#\\\/schema\\\/person\\\/cb9eb914c41b9aa527560547ed3a81b2\"},\"headline\":\"Muere el padre de la [IBM] PC\",\"datePublished\":\"2013-11-02T02:53:51+00:00\",\"mainEntityOfPage\":{\"@id\":\"https:\\\/\\\/hablandodeti.com\\\/blog\\\/2013\\\/11\\\/01\\\/muere-el-padre-de-la-ibm-pc\\\/\"},\"wordCount\":443,\"commentCount\":1,\"publisher\":{\"@id\":\"https:\\\/\\\/hablandodeti.com\\\/blog\\\/#\\\/schema\\\/person\\\/cb9eb914c41b9aa527560547ed3a81b2\"},\"image\":{\"@id\":\"https:\\\/\\\/hablandodeti.com\\\/blog\\\/2013\\\/11\\\/01\\\/muere-el-padre-de-la-ibm-pc\\\/#primaryimage\"},\"thumbnailUrl\":\"https:\\\/\\\/hablandodeti.com\\\/blog\\\/wp-content\\\/uploads\\\/2013\\\/11\\\/lowe-300x199.jpg\",\"keywords\":[\"4.77 MHz\",\"5051\",\"Apple\",\"Atari\",\"Conmodore\",\"IBM PC\",\"Intel\",\"Lowe\",\"PC\",\"William C Lowe\"],\"articleSection\":[\"Especial\",\"historia\",\"IBM\",\"Industria\",\"Intel\"],\"inLanguage\":\"es\",\"potentialAction\":[{\"@type\":\"CommentAction\",\"name\":\"Comment\",\"target\":[\"https:\\\/\\\/hablandodeti.com\\\/blog\\\/2013\\\/11\\\/01\\\/muere-el-padre-de-la-ibm-pc\\\/#respond\"]}]},{\"@type\":\"WebPage\",\"@id\":\"https:\\\/\\\/hablandodeti.com\\\/blog\\\/2013\\\/11\\\/01\\\/muere-el-padre-de-la-ibm-pc\\\/\",\"url\":\"https:\\\/\\\/hablandodeti.com\\\/blog\\\/2013\\\/11\\\/01\\\/muere-el-padre-de-la-ibm-pc\\\/\",\"name\":\"Muere el padre de la [IBM] PC - Hablando de TI\",\"isPartOf\":{\"@id\":\"https:\\\/\\\/hablandodeti.com\\\/blog\\\/#website\"},\"primaryImageOfPage\":{\"@id\":\"https:\\\/\\\/hablandodeti.com\\\/blog\\\/2013\\\/11\\\/01\\\/muere-el-padre-de-la-ibm-pc\\\/#primaryimage\"},\"image\":{\"@id\":\"https:\\\/\\\/hablandodeti.com\\\/blog\\\/2013\\\/11\\\/01\\\/muere-el-padre-de-la-ibm-pc\\\/#primaryimage\"},\"thumbnailUrl\":\"https:\\\/\\\/hablandodeti.com\\\/blog\\\/wp-content\\\/uploads\\\/2013\\\/11\\\/lowe-300x199.jpg\",\"datePublished\":\"2013-11-02T02:53:51+00:00\",\"breadcrumb\":{\"@id\":\"https:\\\/\\\/hablandodeti.com\\\/blog\\\/2013\\\/11\\\/01\\\/muere-el-padre-de-la-ibm-pc\\\/#breadcrumb\"},\"inLanguage\":\"es\",\"potentialAction\":[{\"@type\":\"ReadAction\",\"target\":[\"https:\\\/\\\/hablandodeti.com\\\/blog\\\/2013\\\/11\\\/01\\\/muere-el-padre-de-la-ibm-pc\\\/\"]}]},{\"@type\":\"ImageObject\",\"inLanguage\":\"es\",\"@id\":\"https:\\\/\\\/hablandodeti.com\\\/blog\\\/2013\\\/11\\\/01\\\/muere-el-padre-de-la-ibm-pc\\\/#primaryimage\",\"url\":\"https:\\\/\\\/hablandodeti.com\\\/blog\\\/wp-content\\\/uploads\\\/2013\\\/11\\\/lowe-300x199.jpg\",\"contentUrl\":\"https:\\\/\\\/hablandodeti.com\\\/blog\\\/wp-content\\\/uploads\\\/2013\\\/11\\\/lowe-300x199.jpg\"},{\"@type\":\"BreadcrumbList\",\"@id\":\"https:\\\/\\\/hablandodeti.com\\\/blog\\\/2013\\\/11\\\/01\\\/muere-el-padre-de-la-ibm-pc\\\/#breadcrumb\",\"itemListElement\":[{\"@type\":\"ListItem\",\"position\":1,\"name\":\"Portada\",\"item\":\"https:\\\/\\\/hablandodeti.com\\\/blog\\\/\"},{\"@type\":\"ListItem\",\"position\":2,\"name\":\"Muere el padre de la [IBM] PC\"}]},{\"@type\":\"WebSite\",\"@id\":\"https:\\\/\\\/hablandodeti.com\\\/blog\\\/#website\",\"url\":\"https:\\\/\\\/hablandodeti.com\\\/blog\\\/\",\"name\":\"Hablando de TI\",\"description\":\"Apuntes de Vida y Tecnolog\u00eda\",\"publisher\":{\"@id\":\"https:\\\/\\\/hablandodeti.com\\\/blog\\\/#\\\/schema\\\/person\\\/cb9eb914c41b9aa527560547ed3a81b2\"},\"potentialAction\":[{\"@type\":\"SearchAction\",\"target\":{\"@type\":\"EntryPoint\",\"urlTemplate\":\"https:\\\/\\\/hablandodeti.com\\\/blog\\\/?s={search_term_string}\"},\"query-input\":{\"@type\":\"PropertyValueSpecification\",\"valueRequired\":true,\"valueName\":\"search_term_string\"}}],\"inLanguage\":\"es\"},{\"@type\":[\"Person\",\"Organization\"],\"@id\":\"https:\\\/\\\/hablandodeti.com\\\/blog\\\/#\\\/schema\\\/person\\\/cb9eb914c41b9aa527560547ed3a81b2\",\"name\":\"Alcides Le\u00f3n\",\"image\":{\"@type\":\"ImageObject\",\"inLanguage\":\"es\",\"@id\":\"https:\\\/\\\/i0.wp.com\\\/hablandodeti.com\\\/blog\\\/wp-content\\\/uploads\\\/2023\\\/01\\\/bannerhdti-long.png?fit=969%2C124&ssl=1\",\"url\":\"https:\\\/\\\/i0.wp.com\\\/hablandodeti.com\\\/blog\\\/wp-content\\\/uploads\\\/2023\\\/01\\\/bannerhdti-long.png?fit=969%2C124&ssl=1\",\"contentUrl\":\"https:\\\/\\\/i0.wp.com\\\/hablandodeti.com\\\/blog\\\/wp-content\\\/uploads\\\/2023\\\/01\\\/bannerhdti-long.png?fit=969%2C124&ssl=1\",\"width\":969,\"height\":124,\"caption\":\"Alcides Le\u00f3n\"},\"logo\":{\"@id\":\"https:\\\/\\\/i0.wp.com\\\/hablandodeti.com\\\/blog\\\/wp-content\\\/uploads\\\/2023\\\/01\\\/bannerhdti-long.png?fit=969%2C124&ssl=1\"},\"description\":\"Ingeniero en Computaci\u00f3n, Comunicador especializado en tecnolog\u00eda, Blogger, Asesor en SocialMedia, Venezolano y Latinaom\u00e9ricano\",\"sameAs\":[\"https:\\\/\\\/www.instagram.com\\\/aleon1969\",\"https:\\\/\\\/x.com\\\/https:\\\/\\\/www.twitter.com\\\/aleon1969\"],\"url\":\"https:\\\/\\\/hablandodeti.com\\\/blog\\\/author\\\/admin\\\/\"}]}<\/script>\n<!-- \/ Yoast SEO plugin. -->","yoast_head_json":{"title":"Muere el padre de la [IBM] PC - Hablando de TI","robots":{"index":"index","follow":"follow","max-snippet":"max-snippet:-1","max-image-preview":"max-image-preview:large","max-video-preview":"max-video-preview:-1"},"canonical":"https:\/\/hablandodeti.com\/blog\/2013\/11\/01\/muere-el-padre-de-la-ibm-pc\/","og_locale":"es_ES","og_type":"article","og_title":"Muere el padre de la [IBM] PC - Hablando de TI","og_description":"Hoy d\u00eda es f\u00e1cil dar por sentado que las PC han existido desde siempre o que eran una consecuencia l\u00f3gica de la evoluci\u00f3n tecnol\u00f3gica. Sin embargo hace apenas 35 a\u00f1os no era as\u00ed. De hecho ni siquiera exist\u00eda el t\u00e9rmino PC y la palabra Computador, era sin\u00f3nimo de grandes centros de investigaci\u00f3n, un especie de [&hellip;]","og_url":"https:\/\/hablandodeti.com\/blog\/2013\/11\/01\/muere-el-padre-de-la-ibm-pc\/","og_site_name":"Hablando de TI","article_published_time":"2013-11-02T02:53:51+00:00","og_image":[{"url":"https:\/\/hablandodeti.com\/blog\/wp-content\/uploads\/2013\/11\/lowe-300x199.jpg","type":"","width":"","height":""}],"author":"Alcides Le\u00f3n","twitter_card":"summary_large_image","twitter_creator":"@https:\/\/www.twitter.com\/aleon1969","twitter_site":"@aleon1969","twitter_misc":{"Escrito por":"Alcides Le\u00f3n","Tiempo de lectura":"2 minutos"},"schema":{"@context":"https:\/\/schema.org","@graph":[{"@type":"Article","@id":"https:\/\/hablandodeti.com\/blog\/2013\/11\/01\/muere-el-padre-de-la-ibm-pc\/#article","isPartOf":{"@id":"https:\/\/hablandodeti.com\/blog\/2013\/11\/01\/muere-el-padre-de-la-ibm-pc\/"},"author":{"name":"Alcides Le\u00f3n","@id":"https:\/\/hablandodeti.com\/blog\/#\/schema\/person\/cb9eb914c41b9aa527560547ed3a81b2"},"headline":"Muere el padre de la [IBM] PC","datePublished":"2013-11-02T02:53:51+00:00","mainEntityOfPage":{"@id":"https:\/\/hablandodeti.com\/blog\/2013\/11\/01\/muere-el-padre-de-la-ibm-pc\/"},"wordCount":443,"commentCount":1,"publisher":{"@id":"https:\/\/hablandodeti.com\/blog\/#\/schema\/person\/cb9eb914c41b9aa527560547ed3a81b2"},"image":{"@id":"https:\/\/hablandodeti.com\/blog\/2013\/11\/01\/muere-el-padre-de-la-ibm-pc\/#primaryimage"},"thumbnailUrl":"https:\/\/hablandodeti.com\/blog\/wp-content\/uploads\/2013\/11\/lowe-300x199.jpg","keywords":["4.77 MHz","5051","Apple","Atari","Conmodore","IBM PC","Intel","Lowe","PC","William C Lowe"],"articleSection":["Especial","historia","IBM","Industria","Intel"],"inLanguage":"es","potentialAction":[{"@type":"CommentAction","name":"Comment","target":["https:\/\/hablandodeti.com\/blog\/2013\/11\/01\/muere-el-padre-de-la-ibm-pc\/#respond"]}]},{"@type":"WebPage","@id":"https:\/\/hablandodeti.com\/blog\/2013\/11\/01\/muere-el-padre-de-la-ibm-pc\/","url":"https:\/\/hablandodeti.com\/blog\/2013\/11\/01\/muere-el-padre-de-la-ibm-pc\/","name":"Muere el padre de la [IBM] PC - Hablando de TI","isPartOf":{"@id":"https:\/\/hablandodeti.com\/blog\/#website"},"primaryImageOfPage":{"@id":"https:\/\/hablandodeti.com\/blog\/2013\/11\/01\/muere-el-padre-de-la-ibm-pc\/#primaryimage"},"image":{"@id":"https:\/\/hablandodeti.com\/blog\/2013\/11\/01\/muere-el-padre-de-la-ibm-pc\/#primaryimage"},"thumbnailUrl":"https:\/\/hablandodeti.com\/blog\/wp-content\/uploads\/2013\/11\/lowe-300x199.jpg","datePublished":"2013-11-02T02:53:51+00:00","breadcrumb":{"@id":"https:\/\/hablandodeti.com\/blog\/2013\/11\/01\/muere-el-padre-de-la-ibm-pc\/#breadcrumb"},"inLanguage":"es","potentialAction":[{"@type":"ReadAction","target":["https:\/\/hablandodeti.com\/blog\/2013\/11\/01\/muere-el-padre-de-la-ibm-pc\/"]}]},{"@type":"ImageObject","inLanguage":"es","@id":"https:\/\/hablandodeti.com\/blog\/2013\/11\/01\/muere-el-padre-de-la-ibm-pc\/#primaryimage","url":"https:\/\/hablandodeti.com\/blog\/wp-content\/uploads\/2013\/11\/lowe-300x199.jpg","contentUrl":"https:\/\/hablandodeti.com\/blog\/wp-content\/uploads\/2013\/11\/lowe-300x199.jpg"},{"@type":"BreadcrumbList","@id":"https:\/\/hablandodeti.com\/blog\/2013\/11\/01\/muere-el-padre-de-la-ibm-pc\/#breadcrumb","itemListElement":[{"@type":"ListItem","position":1,"name":"Portada","item":"https:\/\/hablandodeti.com\/blog\/"},{"@type":"ListItem","position":2,"name":"Muere el padre de la [IBM] PC"}]},{"@type":"WebSite","@id":"https:\/\/hablandodeti.com\/blog\/#website","url":"https:\/\/hablandodeti.com\/blog\/","name":"Hablando de TI","description":"Apuntes de Vida y Tecnolog\u00eda","publisher":{"@id":"https:\/\/hablandodeti.com\/blog\/#\/schema\/person\/cb9eb914c41b9aa527560547ed3a81b2"},"potentialAction":[{"@type":"SearchAction","target":{"@type":"EntryPoint","urlTemplate":"https:\/\/hablandodeti.com\/blog\/?s={search_term_string}"},"query-input":{"@type":"PropertyValueSpecification","valueRequired":true,"valueName":"search_term_string"}}],"inLanguage":"es"},{"@type":["Person","Organization"],"@id":"https:\/\/hablandodeti.com\/blog\/#\/schema\/person\/cb9eb914c41b9aa527560547ed3a81b2","name":"Alcides Le\u00f3n","image":{"@type":"ImageObject","inLanguage":"es","@id":"https:\/\/i0.wp.com\/hablandodeti.com\/blog\/wp-content\/uploads\/2023\/01\/bannerhdti-long.png?fit=969%2C124&ssl=1","url":"https:\/\/i0.wp.com\/hablandodeti.com\/blog\/wp-content\/uploads\/2023\/01\/bannerhdti-long.png?fit=969%2C124&ssl=1","contentUrl":"https:\/\/i0.wp.com\/hablandodeti.com\/blog\/wp-content\/uploads\/2023\/01\/bannerhdti-long.png?fit=969%2C124&ssl=1","width":969,"height":124,"caption":"Alcides Le\u00f3n"},"logo":{"@id":"https:\/\/i0.wp.com\/hablandodeti.com\/blog\/wp-content\/uploads\/2023\/01\/bannerhdti-long.png?fit=969%2C124&ssl=1"},"description":"Ingeniero en Computaci\u00f3n, Comunicador especializado en tecnolog\u00eda, Blogger, Asesor en SocialMedia, Venezolano y Latinaom\u00e9ricano","sameAs":["https:\/\/www.instagram.com\/aleon1969","https:\/\/x.com\/https:\/\/www.twitter.com\/aleon1969"],"url":"https:\/\/hablandodeti.com\/blog\/author\/admin\/"}]}},"_links":{"self":[{"href":"https:\/\/hablandodeti.com\/blog\/wp-json\/wp\/v2\/posts\/2790","targetHints":{"allow":["GET"]}}],"collection":[{"href":"https:\/\/hablandodeti.com\/blog\/wp-json\/wp\/v2\/posts"}],"about":[{"href":"https:\/\/hablandodeti.com\/blog\/wp-json\/wp\/v2\/types\/post"}],"author":[{"embeddable":true,"href":"https:\/\/hablandodeti.com\/blog\/wp-json\/wp\/v2\/users\/1"}],"replies":[{"embeddable":true,"href":"https:\/\/hablandodeti.com\/blog\/wp-json\/wp\/v2\/comments?post=2790"}],"version-history":[{"count":0,"href":"https:\/\/hablandodeti.com\/blog\/wp-json\/wp\/v2\/posts\/2790\/revisions"}],"wp:attachment":[{"href":"https:\/\/hablandodeti.com\/blog\/wp-json\/wp\/v2\/media?parent=2790"}],"wp:term":[{"taxonomy":"category","embeddable":true,"href":"https:\/\/hablandodeti.com\/blog\/wp-json\/wp\/v2\/categories?post=2790"},{"taxonomy":"post_tag","embeddable":true,"href":"https:\/\/hablandodeti.com\/blog\/wp-json\/wp\/v2\/tags?post=2790"}],"curies":[{"name":"wp","href":"https:\/\/api.w.org\/{rel}","templated":true}]}}