{"id":2978,"date":"2014-04-23T21:36:19","date_gmt":"2014-04-24T02:06:19","guid":{"rendered":"https:\/\/hablandodeti.com\/blog\/?p=2978"},"modified":"2014-04-23T21:38:39","modified_gmt":"2014-04-24T02:08:39","slug":"brasil-defiende-que-la-gobernanza-de-la-internet-sea-multisectorial-multilateral-democratica-y-transparente","status":"publish","type":"post","link":"https:\/\/hablandodeti.com\/blog\/2014\/04\/23\/brasil-defiende-que-la-gobernanza-de-la-internet-sea-multisectorial-multilateral-democratica-y-transparente\/","title":{"rendered":"\u201cBrasil defiende que la gobernanza de la Internet sea multisectorial, multilateral, democr\u00e1tica y transparente\u201d"},"content":{"rendered":"<p><a href=\"https:\/\/hablandodeti.com\/blog\/wp-content\/uploads\/2014\/04\/dilmarousseff.jpg\"><img loading=\"lazy\" decoding=\"async\" src=\"https:\/\/hablandodeti.com\/blog\/wp-content\/uploads\/2014\/04\/dilmarousseff-300x136.jpg\" alt=\"dilmarousseff\" width=\"300\" height=\"136\" class=\"alignleft size-medium wp-image-2979\" srcset=\"https:\/\/hablandodeti.com\/blog\/wp-content\/uploads\/2014\/04\/dilmarousseff-300x136.jpg 300w, https:\/\/hablandodeti.com\/blog\/wp-content\/uploads\/2014\/04\/dilmarousseff.jpg 450w\" sizes=\"auto, (max-width: 300px) 100vw, 300px\" \/><\/a><\/p>\n<h2>La presidente de Brasil, Dilma Roussef  pronunci\u00f3 estas palabras durante la ceremonia de apertura del Encuentro Global Multisectorial sobre el Futuro de la Gobernanza de la Internet &#8211; NET Mundial<\/h2>\n<p>\u201cLa Internet que queremos solo es posible en un escenario de respeto a los derechos humanos, en particular la privacidad y la libertad de expresi\u00f3n. Por eso, en mi discurso en la 68\u00aa Asamblea de la ONU, hice una propuesta de combate a esas pr\u00e1cticas y propuse una discusi\u00f3n con relaci\u00f3n al establecimiento de un marco civil global para gobernanza y uso de la Internet, y de medidas que aseguren la efectiva protecci\u00f3n de los datos que circulan all\u00ed. Tambi\u00e9n, juntamente con la canciller Angela Merkel, nosotras llevamos a la ONU un proyecto de resoluci\u00f3n sobre el \u00abDerecho a la Privacidad en la Era Digital\u00bb. Hemos aprobado por consenso ese proyecto y aprobamos tambi\u00e9n el llamado a los Estados para que cesara la recolecci\u00f3n arbitraria o ilegal de datos personales e hicieran valer el derecho a la privacidad. Inclusive, hay que recalcar que los derechos que las personas tienen offline tambi\u00e9n deben ser protegidos online\u201d As\u00ed se expreso la Presidente de Brasil al principio de su discurso ante los asistentes al forro NET Mundial en Sao Paulo, Brasil.<\/p>\n<p>Rousseff ha sido duramente criticada por sus intenciones de regular Internet, e inclusive nacionalizarlo, al querer obligar a los grandes sitios mundiales a guardar los datos de ciudadanos y empresas brasile\u00f1as dentro del ambito f\u00edsico de Brasil, demostrando asi un desconocimiento \u2013te\u00f3rico o de autoridad\u2014a las tendencias mundiales de globalizaci\u00f3n y uso de nubes \u2013ubicadas en cualquier lugar\u2014para almacenar los datos.<\/p>\n<p>El discurso de la Presidente de Brasil, intenta ser algo m\u00e1s conciliador que su propuesta inical hace unos meses, sin embargo es seguro que muchos en el mundo lo ver\u00e1n con suspicacia. Rousseff propone una especie de Federaci\u00f3n para controlar Internet, donde cada p\u00e1is tenga el mismo peso que los dem\u00e1s para regularla. Actualmente y gracias a su gran inversi\u00f3n en la  misma, el gobierno de EUA mantiene un gran control sobre algunas estructuras b\u00e1sicas de la Internet, aunque en el papel es un organismo autoregulado. Adem\u00e1s la Uni\u00f3n Europea ha sabido hacer un importante contrapeso a EUA. Pero los que nunca han logrado tener injerencia sobre el desarrollo de la red son algunos de los pa\u00edses m\u00e1s conflictivos en el planeta, los mismos que han buscado \u2013y muchas veces logrado\u2014la censura de Internet, al menos dentro de sus espacios. La propuesta de Roussef, que seguro muchos gobiernos ver\u00e1n con muy buen agrado es que la Internet deje de ser una cuesti\u00f3n de ciudadanos y pase a serlo de gobiernos, donde los factores de geopol\u00edtica se sentir\u00e1n mucho m\u00e1s que en la Internet de hoy.<\/p>\n<p>Si bien Rousseff ha suavizado su propuesta inicial, a\u00fan se notan muchas contradicciones con la idea original de la Internet, que es la sobrevivencia in extremis. La red que fue dise\u00f1ada para sobrevivir fallos de servidores y enrutadores, as\u00ed como ataques o desastres naturales, podr\u00eda no sobrevivir a un asunto que un gobierno considere \u201cde seguridad nacional\u201d y ser apagada, al menos en un segmento, bajo la sospecha de que algo en ella pueda amenazar a un gobierno, que no a un pueblo.<\/p>\n<p>\u201cLos temas relativos a la soberan\u00eda \u2013 como delitos cibern\u00e9ticos, violaciones de derechos, asuntos econ\u00f3micos transnacionales y amenazas de ataques cibern\u00e9ticos \u2013 son de responsabilidad primordial de los Estados. Se trata, antes que nada, de asegurar a los Estados los instrumentos que les permitan cumplir con sus responsabilidades ante sus ciudadanos, entre ellas la garant\u00eda de derechos fundamentales. Derechos que son asegurados offline deben ser asegurados online. Esos derechos prosperan al amparo, y no en ausencia absoluta del Estado\u201d  Esta es la posici\u00f3n de la Rousseff al respecto, pero para muchos \u2013incluyendo a quien esto escribe\u2014esto vulnera el libre derecho de los usuarios de la Internet, pudiendo ocasionar censura, bloqueos, espionaje y muchas otras acciones violatorias de los derechos humanos. <\/p>\n<p>Brasil quiere ser un estado moderno y su ley del Marco Civil de la Internet, aprobada recientemente por el Congreso Nacional de Brasil, quiere servir de ejemplo para el resto del mundo. Pero basta considerar por un momento porqu\u00e9 algunas sociedades mucho m\u00e1s modernas, tecnol\u00f3gicas y con tradici\u00f3n de invenci\u00f3n, incluyendo a EUA, Suecia, Jap\u00f3n o Corea del Sur, no son los propulsores de un modelo de control de la Internet como el propuesto.<\/p>\n<p>Creo querido lector, que lamentablemente esta Ley de Marco Civil de la Internet, est\u00e1 hablandodeti&#8230; y quiz\u00e1s no te guste lo que realmente dice.<\/p>\n<p>Para que cada quien juzgue por si mismo, les dejo aqu\u00ed la traducci\u00f3n del discurso que la colega Roberta Ribeiro nos hace legar, citando como fuente del mismo al Palacio de Planalto, sede del poder ejecutivo en Brasilia.<\/p>\n<p>COMUNICADO DE PRENSA<\/p>\n<p><em><strong>Discurso de la Presidenta de la Rep\u00fablica, Dilma Rousseff, durante la ceremonia de apertura del Encuentro Global Multisectorial sobre el Futuro de la Gobernanza de la Internet &#8211; NET Mundial<\/strong><\/p>\n<p>S\u00e3o Paulo-SP, 24 de abril de 2014.<\/p>\n<p>Buenos d\u00edas a todos. Agradezco la pronunciaci\u00f3n perfecta del \u00abbom dia\u00bb que nuestra querida representante, Nnenna Nwakanma hizo del \u00abbuenos d\u00edas\u00bb brasile\u00f1o y la voy a saludar, saludando a todas las mujeres que participan de la web y a todos los the girls and guys que participan de la web.<\/p>\n<p>Quiero saludar a nuestro alcalde de S\u00e3o Paulo, que nos recibe y, sobretodo, quiero, en primer lugar, saludar a dos parlamentarios brasile\u00f1os ac\u00e1 presentes: Alessandro Molon, de la C\u00e1mara de Diputados, diputado relator del Marco Civil de la Internet, y el Diputado Walter Pinheiro&#8230; incluso, disculpen, el senador Walter Pinheiro, por medio de quien dirijo mis saludos a los relatores del Senado, que han sido capaces de aprobar esa ley en tiempo r\u00e9cord.<\/p>\n<p>El senador Vital do Rego, senador Jos\u00e9 Perrella, senador Ricardo Ferra\u00e7o.<\/p>\n<p>Entonces, al senador Walter Pinheiro y al diputado Alessandro Molon, les agradezco por la aprobaci\u00f3n del Marco Civil.<\/p>\n<p>Quiero saludar al secretario-general de las Naciones Unidas, Wu Hongdo.<\/p>\n<p>Quiero saludar muy especialmente al creador de la web, Tim Berners-Lee<\/p>\n<p>Quiero saludar tambi\u00e9n al vicepresidente de Google y gran participante en la creaci\u00f3n de la Internet, Vincent Cert.<\/p>\n<p>Saludar una vez m\u00e1s al CEO de ICANN, Fadi Chehad\u00e9, que el 8 de octubre de 2013 tuvo un encuentro conmigo, y en ese encuentro la idea de esa reuni\u00f3n de la NET Mundial gan\u00f3 forma. Entonces, agradezco a todos ustedes, agradezco a los ministros de estado, a los delegados extranjeros, por su presencia, y quiero saludar&#8230; de aprobaci\u00f3n de la web que fue construida con la participaci\u00f3n de toda la sociedad brasile\u00f1a.<\/p>\n<p>Quiero saludar al ministro de Relaciones Exteriores, embajador Figueiredo; al de Justicia, Jos\u00e9 Eduardo Cardoso; quiero saludar a Paulo Bernardo, de las Comunicaciones; al ministro de Ciencia y Tecnolog\u00eda, Cl\u00e9lio Campolina Diniz.<\/p>\n<p>Quiero saludar a la senadora y ministra de Cultura, Marta Suplicy.<\/p>\n<p>Y a nuestro secretario-general, Gilberto Carvalho.<\/p>\n<p>Y saludar a todos los presentes, en especial a los periodistas ac\u00e1 presentes, fot\u00f3grafos y camar\u00f3grafos.<\/p>\n<p>Quiero decir que sean todos bienvenidos a Brasil para esa reuni\u00f3n Multisectorial Global sobre el Futuro de la Gobernanza de la Internet, la NET Mundial.<\/p>\n<p>En este momento, quiero tambi\u00e9n saludar a los organizadores, tanto el Comit\u00e9 Gestor de la Internet en Brasil, como la coalici\u00f3n One Net.<\/p>\n<p>Es con satisfacci\u00f3n que veo en esta plenaria a representantes de todos los sectores involucrados en la gobernanza de la Internet. Tenemos ac\u00e1 a la sociedad civil, a los acad\u00e9micos, la comunidad t\u00e9cnica, empresas y gobiernos. Esa diversidad saludable, porque es una diversidad saludable, que tambi\u00e9n caracteriza a los grupos que participan de la reuni\u00f3n por la Internet. Y quiero aprovechar esa oportunidad hoy para establecer un di\u00e1logo sobre los temas y prop\u00f3sitos que nos han tra\u00eddo a S\u00e3o Paulo.<\/p>\n<p>A mediados de 2013, las revelaciones acerca de los mecanismos abarcadores de espionaje y de monitoreo colectivo de comunicaciones causaron indignaci\u00f3n y repudio en amplios sectores de la opini\u00f3n p\u00fablica brasile\u00f1a y mundial. En Brasil, ciudadanos, empresas, representaciones diplom\u00e1ticas y la Presidencia de la Rep\u00fablica misma tuvieron sus comunicaciones interceptadas. Estos hechos son inaceptables y siguen siendo inaceptables. Ellos atentan contra la misma naturaleza de la Internet; naturaleza abierta, plural y libre.<\/p>\n<p>La Internet que queremos solo es posible en un escenario de respeto a los derechos humanos, en particular la privacidad y la libertad de expresi\u00f3n. Por eso, en mi discurso en la 68\u00aa Asamblea de la ONU, hice una propuesta de combate a esas pr\u00e1cticas y propuse una discusi\u00f3n con relaci\u00f3n al establecimiento de un marco civil global para gobernanza y uso de la Internet, y de medidas que aseguren la efectiva protecci\u00f3n de los datos que circulan all\u00ed. Tambi\u00e9n, juntamente con la canciller Angela Merkel, nosotras llevamos a la ONU un proyecto de resoluci\u00f3n sobre el \u00abDerecho a la Privacidad en la Era Digital\u00bb. Hemos aprobado por consenso ese proyecto y aprobamos tambi\u00e9n el llamado a los Estados para que cesara la recolecci\u00f3n arbitraria o ilegal de datos personales e hicieran valer el derecho a la privacidad. Inclusive, hay que recalcar que los derechos que las personas tienen offline tambi\u00e9n deben ser protegidos online.<\/p>\n<p>La NET Mundial viene a impulsar ese esfuerzo. Y esta reuni\u00f3n responde a un anhelo global por cambios en la situaci\u00f3n vigente y por el fortalecimiento sistem\u00e1tico de la libertad de expresi\u00f3n en la Internet y de la protecci\u00f3n a los derechos humamos b\u00e1sicos, como es el caso del derecho a la privacidad y, sin lugar a dudas, tambi\u00e9n el derecho al tratamiento de las discusiones en la Internet de forma respetuosa, asegurando su car\u00e1cter democr\u00e1tico y abierto<\/p>\n<p>Hemos venido a S\u00e3o Paulo, por lo tanto, con el prop\u00f3sito com\u00fan de perfeccionar y democratizar la gobernanza de la Internet, mediante la construcci\u00f3n de consensos, consensos alrededor de principios y tambi\u00e9n de la elaboraci\u00f3n de un gui\u00f3n para su evoluci\u00f3n. Nosotros, y eso yo quiero reforzar, no pensamos que se trata de remplazar los diferentes foros que ya se ocupan del tema, sino m\u00e1s bien imprimir a los debates una nueva din\u00e1mica y un necesario sentido de urgencia.<\/p>\n<p>Nosotros partimos de dos premisas: la primera es que todos queremos proteger la Internet como espacio democr\u00e1tico, de todos, como un bien com\u00fan, un verdadero patrimonio de la humanidad. M\u00e1s que la mera herramienta de trabajo, y para m\u00e1s all\u00e1 de su conocida contribuci\u00f3n para el crecimiento econ\u00f3mico, desde que cada vez m\u00e1s inclusiva, la Internet ha permitido la reinvenci\u00f3n permanente del modo como las personas y las instituciones interact\u00faan, producen cultura, se organizan, incluso pol\u00edticamente. La arquitectura abierta y descentralizada de la red favorece el acceso al conocimiento, a la democratizaci\u00f3n de las comunicaciones y su constante innovaci\u00f3n. Esas caracter\u00edsticas b\u00e1sicas, nosotros queremos, y deben ser preservadas, en cualquier escenario, para asegurar el futuro de la Internet y potencializar sus efectos transformadores de y en la sociedad. La segunda premisa es el deseo que compartimos de incorporar a un p\u00fablico cada vez m\u00e1s amplio en ese proceso. El compromiso con el debate abierto e inclusivo ha orientado la organizaci\u00f3n de esta reuni\u00f3n. Todos los sectores han participado en su preparaci\u00f3n y est\u00e1n representados en esta plenaria.  Son miles de participantes del mundo entero a los cuales se suman espacios virtuales, en diferentes puntos del planeta. Los temas que ser\u00e1n debatidos han sido objeto de amplia consulta p\u00fablica internacional y han recibido contribuciones de actores ubicados en todos los puntos y en varios pa\u00edses. Esas propuestas sirvieron de base para la elaboraci\u00f3n del borrador de documento que se debatir\u00e1 y perfeccionar\u00e1 en los siguientes dos d\u00edas.<\/p>\n<p>Saludo al Comit\u00e9 Multisectorial Ejecutivo y al Comit\u00e9 Multisectorial de Alto Nivel por ese esfuerzo colectivo. El inter\u00e9s de los brasile\u00f1os por la  Internet se ha reflejado en la expresiva participaci\u00f3n en la consulta p\u00fablica nacional promovida por el portal PARTICIPA.BR. En este momento, la sociedad civil se halla organizada en el Arena NET Mundial, local brasile\u00f1o de acceso a esta reuni\u00f3n.<\/p>\n<p>Entonces yo quisiera decir a ustedes, amigos ac\u00e1 presentes, que Brasil defiende que la gobernanza de la Internet sea multisectorial, multilateral, democr\u00e1tica y transparente. Nosotros consideramos el modelo multisectorial la mejor forma de ejercicio de gobernanza de la Internet. En l\u00ednea con esa visi\u00f3n, nuestro sistema local de gobernanza, en funcionamiento hace 20 a\u00f1os, cuenta con la participaci\u00f3n efectiva, en el Comit\u00e9 Gestor de la Internet, de representantes de la sociedad civil, de acad\u00e9micos, de empresarios y del Gobierno.<\/p>\n<p>De modo no excluyente con lo que acabo de decir, tambi\u00e9n nosotros estimamos importante la perspectiva multilateral, seg\u00fan la cual la participaci\u00f3n de los gobiernos debe tener lugar en igualdad entre s\u00ed, sin que un pa\u00eds tenga m\u00e1s peso que los dem\u00e1s. Esa defensa del multilateralismo es consecuencia natural de un principio elemental de las relaciones internacionales contempor\u00e1neas, consagrado en la Constituci\u00f3n brasile\u00f1a: la \u00abigualdad entre los Estados\u00bb.<\/p>\n<p>As\u00ed que no vemos oposici\u00f3n entre multilateralismo y multisectorialismo. Su contrario es el unilateralismo, \u00e9ste s\u00ed, indefendible. No es democr\u00e1tica una Internet sometida a arreglos intergubernamentales que excluyan a los dem\u00e1s sectores. Tampoco son aceptables arreglos multisectoriales sujetos a la supervisi\u00f3n de uno o de pocos Estados.<\/p>\n<p>Nosotros queremos, de hecho, democratizar las relaciones de los gobiernos con la sociedad y las relaciones entre los gobiernos. Queremos m\u00e1s democracia, y no menos democracia. Es necesario y urgente dotar de un car\u00e1cter global a las organizaciones que hoy son responsables por las funciones centrales de la Internet.<\/p>\n<p>La complejidad de esa transici\u00f3n \u2013 que involucra competencia jurisdiccional, rendici\u00f3n de cuentas y pacto con m\u00faltiples actores \u2013 no disminuye su sentido de urgencia. Por eso yo saludo la intenci\u00f3n del gobierno de los Estados Unidos, recientemente anunciada, de sustituir su v\u00ednculo institucional con la Autoridad para Atribuci\u00f3n de N\u00fameros de la Internet (IANA) y la Corporaci\u00f3n de la Internet para Designaci\u00f3n de Nombres y N\u00fameros (ICANN) por una gesti\u00f3n global de esas instituciones.<\/p>\n<p>A partir de ahora, el nuevo arreglo institucional y jur\u00eddico del Sistema de Nombres de Dominio de la Internet, a cargo de IANA e ICANN, debe ser construido con amplia participaci\u00f3n de todos los sectores interesados, yendo m\u00e1s all\u00e1 de los actores tradicionales. Cada sector, naturalmente, juega papeles distintos, desde responsabilidades igualmente diferenciadas.<\/p>\n<p>La gesti\u00f3n operativa de la Internet debe seguir siendo liderada por su comunidad t\u00e9cnica. Y rindo ac\u00e1 mi reconocimiento p\u00fablico y de mi gobierno a esas personas, que se dedican a diario al mantenimiento de la Internet abierto, estable y seguro \u2013 un trabajo fundamental, aunque invisible para todos nosotros, los usuarios.<\/p>\n<p>Los temas relativos a la soberan\u00eda \u2013 como delitos cibern\u00e9ticos, violaciones de derechos, asuntos econ\u00f3micos transnacionales y amenazas de ataques cibern\u00e9ticos \u2013 son de responsabilidad primordial de los Estados. Se trata, antes que nada, de asegurar a los Estados los instrumentos que les permitan cumplir con sus responsabilidades ante sus ciudadanos, entre ellas la garant\u00eda de derechos fundamentales. Derechos que son asegurados offline deben ser asegurados online. Esos derechos prosperan al amparo, y no en ausencia absoluta del Estado.<\/p>\n<p>Para que la gobernanza global de la Internet sea efectivamente democr\u00e1tica, se requieren mecanismos que permitan mayor participaci\u00f3n de los pa\u00edses en desarrollo, en todos los sectores. Temas del inter\u00e9s de estos pa\u00edses, los grandes usuarios de la Internet, como la ampliaci\u00f3n de la conectividad, la accesibilidad y el respeto a la diversidad, deben ser centrales en la agenda internacional.<\/p>\n<p>No basta con que los foros sean abiertos desde el punto de vista formal. Tenemos que identificar y remover las barreras visibles y las barreras invisibles a la participaci\u00f3n de toda la poblaci\u00f3n de cada pa\u00eds, bajo pena de restringir el papel democr\u00e1tico y el alcance social y cultural de la Internet. Ese esfuerzo requiere, adem\u00e1s, el fortalecimiento del Foro de Gobernanza de la Internet como instancia de di\u00e1logo apta a producir resultados y recomendaciones; un amplia revisi\u00f3n de los 10 a\u00f1os de la Cumbre Mundial de la Sociedad de la Informaci\u00f3n; y la profundizaci\u00f3n de las discusiones acerca de \u00e9tica y privacidad en la UNESCO.<\/p>\n<p>Por eso yo quisiera decirles que nosotros creemos que el espacio cibern\u00e9tico, y estoy segura, como todos ustedes, debe ser el territorio de la confianza, de los derechos humanos, de la ciudadan\u00eda, de la colaboraci\u00f3n y de la paz. Para alcanzar estos objetivos, necesitamos pactar principios b\u00e1sicos que orienten la gobernanza de la Internet.<\/p>\n<p>En lo que concierne a la privacidad, la resoluci\u00f3n aprobada por la ONU ha sido un paso importante, pero todav\u00eda tenemos mucho que avanzar. Cualquier tipo de recolecci\u00f3n o tratamiento de datos debe tener el visto bueno de las partes o amparo legal. Pero el debate sobre principios es mucho m\u00e1s abarcador. Debe, insisto, incluir la universalidad del acceso a la Internet, esencial&#8230; desarrollo social y humano, en pro de la construcci\u00f3n de sociedades inclusivas y no discriminatorias. Debe incluir la libertad de expresi\u00f3n y, necesariamente, la neutralidad de la red. <\/p>\n<p>Brasil tiene su parte de contribuci\u00f3n que dar, desde el amplio proceso interno de discusi\u00f3n, de debate, de contribuciones que ha resultado en la ley del Marco Civil de la Internet, aprobada ayer por el Congreso Nacional y que tuve el honor de sancionar, ac\u00e1, hace poquito.<\/p>\n<p>La ley, y ac\u00e1 yo quiero tomar las palabras de Sir Tim Berners-Lee, que la consider\u00f3 \u00abun regalo para la web en su 25o aniversario\u00bb, demuestra la viabilidad y el \u00e9xito de discusiones abiertas, discusiones multisectoriales, as\u00ed como la utilizaci\u00f3n innovadora de la Internet en la discusi\u00f3n misma como plataforma interactiva de debates.  Ese ha sido un proceso sumamente virtuoso que llevamos ac\u00e1 en Brasil.<\/p>\n<p>Nuestro Marco Civil gan\u00f3 a\u00fan m\u00e1s valor por el proceso de su construcci\u00f3n. Por ello yo quisiera recordar que nuestro Marco Civil establece principios, garant\u00edas y derechos de los usuarios, delimitando deberes y responsabilidades de los diferentes actores y del poder p\u00fablico en el ambiente online. Algo muy importante, \u00e9l consagra la neutralidad de la red, que es una conquista que nosotros, a lo largo de ese proceso, logramos convertir en consenso. Al establecer que las empresas de telecomunicaciones deben tratar de forma ison\u00f3mica todos los paquetes de datos, sin distinci\u00f3n por contenido, origen, destino, servicio, terminal o aplicaci\u00f3n, de hecho \u00e9l ha consagrado la neutralidad de la red. Las empresas tampoco pueden bloquear, monitorear, filtrar o analizar el contenido de los paquetes de datos. Protege la privacidad de los ciudadanos, tanto en la relaci\u00f3n con el gobierno como en las relaciones con las empresas que act\u00faan en la Internet. Las comunicaciones son inviolables, excepto por orden judicial espec\u00edfica. La ley trae tambi\u00e9n reglas claras para la retirada de contenido en la red, siempre asegurando la presencia de decisiones judiciales.<\/p>\n<p>El Marco Civil, ejemplo de que el desarrollo de la Internet no puede dispensar este proceso de discusi\u00f3n con la participaci\u00f3n de los estados, es una referencia innovadora, porque, en su proceso de elaboraci\u00f3n, sonaron las voces de las calles, de las redes y de las instituciones.<\/p>\n<p>Por eso es que tenemos una convicci\u00f3n: en una red, cada nudo es importante. Los grandes nudos \u2013 como los mega-portales, por los cuales converge gran parte del tr\u00e1fico de datos mundial \u2013 son importantes. Son importantes tambi\u00e9n los peque\u00f1os nudos.<\/p>\n<p>Y yo quisiera decirles un punto fundamental: Brasil dio un gran paso en el proceso por el cual nosotros hemos incluido y asegurado ingresos a una parte de la poblaci\u00f3n. Tan importante como los ingresos es el acceso a la Internet, tan importante como los ingresos es la garant\u00eda de una sociedad con ciudadanos que tengan opiniones propias y que las expresen. Por eso para nosotros el valor inestimable de la Internet. Y nosotros tambi\u00e9n tenemos otro gran bien, que es nuestra inmensa diversidad \u00e9tnica, cultural, pol\u00edtica y religiosa. Nosotros debemos respetar y promover nuestra diversidad cultural. Nosotros no queremos imponer creencias, costumbres, valores o concepciones pol\u00edticas.<\/p>\n<p>Y yo quiero se\u00f1alar ac\u00e1, de forma especial, estos millones de usuarios que se multiplican d\u00eda a d\u00eda, ac\u00e1 y en los pa\u00edses en desarrollo, en nuestras periferias urbanas, en las comunidades tradicionales. Ellos enriquecen la red con otras ideas, otras narrativas y visiones del mundo. Esas personas hacen la Internet m\u00e1s fuerte y m\u00e1s universal.  Y es a nombre de ellas y a causa de ellas que yo agradezco la presencia de todos ustedes ac\u00e1. Para nosotros la Internet es un instrumento moderno, emancipador y transformador de nuestra realidad. Sean muy bienvenidos y espero que vuelvan para la Copa Mundial, la Copa de las Copas. O que la vean por la Internet.<\/p>\n<p>Muchas gracias.<br \/>\n<\/em><\/p>\n","protected":false},"excerpt":{"rendered":"<p>La presidente de Brasil, Dilma Roussef pronunci\u00f3 estas palabras durante la ceremonia de apertura del Encuentro Global Multisectorial sobre el Futuro de la Gobernanza de la Internet &#8211; NET Mundial \u201cLa Internet que queremos solo es posible en un escenario de respeto a los derechos humanos, en particular la privacidad y la libertad de expresi\u00f3n. [&hellip;]<\/p>\n","protected":false},"author":1,"featured_media":2979,"comment_status":"open","ping_status":"open","sticky":false,"template":"","format":"standard","meta":{"footnotes":""},"categories":[705,1508,28],"tags":[88,397,2489,2488,2486,2487],"class_list":["post-2978","post","type-post","status-publish","format-standard","has-post-thumbnail","hentry","category-america-latina","category-especial","category-internet","tag-brasil","tag-censura","tag-control-de-la-internet","tag-dilma-rousseff","tag-intrnet","tag-net-mundial"],"yoast_head":"<!-- This site is optimized with the Yoast SEO plugin v27.5 - https:\/\/yoast.com\/product\/yoast-seo-wordpress\/ -->\n<title>\u201cBrasil defiende que la gobernanza de la Internet sea multisectorial, multilateral, democr\u00e1tica y transparente\u201d  - Hablando de TI<\/title>\n<meta name=\"robots\" content=\"index, follow, max-snippet:-1, max-image-preview:large, max-video-preview:-1\" \/>\n<link rel=\"canonical\" href=\"https:\/\/hablandodeti.com\/blog\/2014\/04\/23\/brasil-defiende-que-la-gobernanza-de-la-internet-sea-multisectorial-multilateral-democratica-y-transparente\/\" \/>\n<meta property=\"og:locale\" content=\"es_ES\" \/>\n<meta property=\"og:type\" content=\"article\" \/>\n<meta property=\"og:title\" content=\"\u201cBrasil defiende que la gobernanza de la Internet sea multisectorial, multilateral, democr\u00e1tica y transparente\u201d  - Hablando de TI\" \/>\n<meta property=\"og:description\" content=\"La presidente de Brasil, Dilma Roussef pronunci\u00f3 estas palabras durante la ceremonia de apertura del Encuentro Global Multisectorial sobre el Futuro de la Gobernanza de la Internet &#8211; NET Mundial \u201cLa Internet que queremos solo es posible en un escenario de respeto a los derechos humanos, en particular la privacidad y la libertad de expresi\u00f3n. [&hellip;]\" \/>\n<meta property=\"og:url\" content=\"https:\/\/hablandodeti.com\/blog\/2014\/04\/23\/brasil-defiende-que-la-gobernanza-de-la-internet-sea-multisectorial-multilateral-democratica-y-transparente\/\" \/>\n<meta property=\"og:site_name\" content=\"Hablando de TI\" \/>\n<meta property=\"article:published_time\" content=\"2014-04-24T02:06:19+00:00\" \/>\n<meta property=\"article:modified_time\" content=\"2014-04-24T02:08:39+00:00\" \/>\n<meta property=\"og:image\" content=\"https:\/\/i0.wp.com\/hablandodeti.com\/blog\/wp-content\/uploads\/2014\/04\/dilmarousseff.jpg?fit=450%2C205&ssl=1\" \/>\n\t<meta property=\"og:image:width\" content=\"450\" \/>\n\t<meta property=\"og:image:height\" content=\"205\" \/>\n\t<meta property=\"og:image:type\" content=\"image\/jpeg\" \/>\n<meta name=\"author\" content=\"Alcides Le\u00f3n\" \/>\n<meta name=\"twitter:card\" content=\"summary_large_image\" \/>\n<meta name=\"twitter:creator\" content=\"@https:\/\/www.twitter.com\/aleon1969\" \/>\n<meta name=\"twitter:site\" content=\"@aleon1969\" \/>\n<meta name=\"twitter:label1\" content=\"Escrito por\" \/>\n\t<meta name=\"twitter:data1\" content=\"Alcides Le\u00f3n\" \/>\n\t<meta name=\"twitter:label2\" content=\"Tiempo de lectura\" \/>\n\t<meta name=\"twitter:data2\" content=\"18 minutos\" \/>\n<script type=\"application\/ld+json\" class=\"yoast-schema-graph\">{\"@context\":\"https:\\\/\\\/schema.org\",\"@graph\":[{\"@type\":\"Article\",\"@id\":\"https:\\\/\\\/hablandodeti.com\\\/blog\\\/2014\\\/04\\\/23\\\/brasil-defiende-que-la-gobernanza-de-la-internet-sea-multisectorial-multilateral-democratica-y-transparente\\\/#article\",\"isPartOf\":{\"@id\":\"https:\\\/\\\/hablandodeti.com\\\/blog\\\/2014\\\/04\\\/23\\\/brasil-defiende-que-la-gobernanza-de-la-internet-sea-multisectorial-multilateral-democratica-y-transparente\\\/\"},\"author\":{\"name\":\"Alcides Le\u00f3n\",\"@id\":\"https:\\\/\\\/hablandodeti.com\\\/blog\\\/#\\\/schema\\\/person\\\/cb9eb914c41b9aa527560547ed3a81b2\"},\"headline\":\"\u201cBrasil defiende que la gobernanza de la Internet sea multisectorial, multilateral, democr\u00e1tica y transparente\u201d\",\"datePublished\":\"2014-04-24T02:06:19+00:00\",\"dateModified\":\"2014-04-24T02:08:39+00:00\",\"mainEntityOfPage\":{\"@id\":\"https:\\\/\\\/hablandodeti.com\\\/blog\\\/2014\\\/04\\\/23\\\/brasil-defiende-que-la-gobernanza-de-la-internet-sea-multisectorial-multilateral-democratica-y-transparente\\\/\"},\"wordCount\":3649,\"commentCount\":0,\"publisher\":{\"@id\":\"https:\\\/\\\/hablandodeti.com\\\/blog\\\/#\\\/schema\\\/person\\\/cb9eb914c41b9aa527560547ed3a81b2\"},\"image\":{\"@id\":\"https:\\\/\\\/hablandodeti.com\\\/blog\\\/2014\\\/04\\\/23\\\/brasil-defiende-que-la-gobernanza-de-la-internet-sea-multisectorial-multilateral-democratica-y-transparente\\\/#primaryimage\"},\"thumbnailUrl\":\"https:\\\/\\\/hablandodeti.com\\\/blog\\\/wp-content\\\/uploads\\\/2014\\\/04\\\/dilmarousseff.jpg\",\"keywords\":[\"Brasil\",\"censura\",\"control de la Internet\",\"Dilma Rousseff\",\"Intrnet\",\"NET Mundial\"],\"articleSection\":[\"Am\u00e9rica Latina\",\"Especial\",\"Internet\"],\"inLanguage\":\"es\",\"potentialAction\":[{\"@type\":\"CommentAction\",\"name\":\"Comment\",\"target\":[\"https:\\\/\\\/hablandodeti.com\\\/blog\\\/2014\\\/04\\\/23\\\/brasil-defiende-que-la-gobernanza-de-la-internet-sea-multisectorial-multilateral-democratica-y-transparente\\\/#respond\"]}]},{\"@type\":\"WebPage\",\"@id\":\"https:\\\/\\\/hablandodeti.com\\\/blog\\\/2014\\\/04\\\/23\\\/brasil-defiende-que-la-gobernanza-de-la-internet-sea-multisectorial-multilateral-democratica-y-transparente\\\/\",\"url\":\"https:\\\/\\\/hablandodeti.com\\\/blog\\\/2014\\\/04\\\/23\\\/brasil-defiende-que-la-gobernanza-de-la-internet-sea-multisectorial-multilateral-democratica-y-transparente\\\/\",\"name\":\"\u201cBrasil defiende que la gobernanza de la Internet sea multisectorial, multilateral, democr\u00e1tica y transparente\u201d - Hablando de TI\",\"isPartOf\":{\"@id\":\"https:\\\/\\\/hablandodeti.com\\\/blog\\\/#website\"},\"primaryImageOfPage\":{\"@id\":\"https:\\\/\\\/hablandodeti.com\\\/blog\\\/2014\\\/04\\\/23\\\/brasil-defiende-que-la-gobernanza-de-la-internet-sea-multisectorial-multilateral-democratica-y-transparente\\\/#primaryimage\"},\"image\":{\"@id\":\"https:\\\/\\\/hablandodeti.com\\\/blog\\\/2014\\\/04\\\/23\\\/brasil-defiende-que-la-gobernanza-de-la-internet-sea-multisectorial-multilateral-democratica-y-transparente\\\/#primaryimage\"},\"thumbnailUrl\":\"https:\\\/\\\/hablandodeti.com\\\/blog\\\/wp-content\\\/uploads\\\/2014\\\/04\\\/dilmarousseff.jpg\",\"datePublished\":\"2014-04-24T02:06:19+00:00\",\"dateModified\":\"2014-04-24T02:08:39+00:00\",\"breadcrumb\":{\"@id\":\"https:\\\/\\\/hablandodeti.com\\\/blog\\\/2014\\\/04\\\/23\\\/brasil-defiende-que-la-gobernanza-de-la-internet-sea-multisectorial-multilateral-democratica-y-transparente\\\/#breadcrumb\"},\"inLanguage\":\"es\",\"potentialAction\":[{\"@type\":\"ReadAction\",\"target\":[\"https:\\\/\\\/hablandodeti.com\\\/blog\\\/2014\\\/04\\\/23\\\/brasil-defiende-que-la-gobernanza-de-la-internet-sea-multisectorial-multilateral-democratica-y-transparente\\\/\"]}]},{\"@type\":\"ImageObject\",\"inLanguage\":\"es\",\"@id\":\"https:\\\/\\\/hablandodeti.com\\\/blog\\\/2014\\\/04\\\/23\\\/brasil-defiende-que-la-gobernanza-de-la-internet-sea-multisectorial-multilateral-democratica-y-transparente\\\/#primaryimage\",\"url\":\"https:\\\/\\\/hablandodeti.com\\\/blog\\\/wp-content\\\/uploads\\\/2014\\\/04\\\/dilmarousseff.jpg\",\"contentUrl\":\"https:\\\/\\\/hablandodeti.com\\\/blog\\\/wp-content\\\/uploads\\\/2014\\\/04\\\/dilmarousseff.jpg\",\"width\":450,\"height\":205},{\"@type\":\"BreadcrumbList\",\"@id\":\"https:\\\/\\\/hablandodeti.com\\\/blog\\\/2014\\\/04\\\/23\\\/brasil-defiende-que-la-gobernanza-de-la-internet-sea-multisectorial-multilateral-democratica-y-transparente\\\/#breadcrumb\",\"itemListElement\":[{\"@type\":\"ListItem\",\"position\":1,\"name\":\"Portada\",\"item\":\"https:\\\/\\\/hablandodeti.com\\\/blog\\\/\"},{\"@type\":\"ListItem\",\"position\":2,\"name\":\"\u201cBrasil defiende que la gobernanza de la Internet sea multisectorial, multilateral, democr\u00e1tica y transparente\u201d\"}]},{\"@type\":\"WebSite\",\"@id\":\"https:\\\/\\\/hablandodeti.com\\\/blog\\\/#website\",\"url\":\"https:\\\/\\\/hablandodeti.com\\\/blog\\\/\",\"name\":\"Hablando de TI\",\"description\":\"Apuntes de Vida y Tecnolog\u00eda\",\"publisher\":{\"@id\":\"https:\\\/\\\/hablandodeti.com\\\/blog\\\/#\\\/schema\\\/person\\\/cb9eb914c41b9aa527560547ed3a81b2\"},\"potentialAction\":[{\"@type\":\"SearchAction\",\"target\":{\"@type\":\"EntryPoint\",\"urlTemplate\":\"https:\\\/\\\/hablandodeti.com\\\/blog\\\/?s={search_term_string}\"},\"query-input\":{\"@type\":\"PropertyValueSpecification\",\"valueRequired\":true,\"valueName\":\"search_term_string\"}}],\"inLanguage\":\"es\"},{\"@type\":[\"Person\",\"Organization\"],\"@id\":\"https:\\\/\\\/hablandodeti.com\\\/blog\\\/#\\\/schema\\\/person\\\/cb9eb914c41b9aa527560547ed3a81b2\",\"name\":\"Alcides Le\u00f3n\",\"image\":{\"@type\":\"ImageObject\",\"inLanguage\":\"es\",\"@id\":\"https:\\\/\\\/i0.wp.com\\\/hablandodeti.com\\\/blog\\\/wp-content\\\/uploads\\\/2023\\\/01\\\/bannerhdti-long.png?fit=969%2C124&ssl=1\",\"url\":\"https:\\\/\\\/i0.wp.com\\\/hablandodeti.com\\\/blog\\\/wp-content\\\/uploads\\\/2023\\\/01\\\/bannerhdti-long.png?fit=969%2C124&ssl=1\",\"contentUrl\":\"https:\\\/\\\/i0.wp.com\\\/hablandodeti.com\\\/blog\\\/wp-content\\\/uploads\\\/2023\\\/01\\\/bannerhdti-long.png?fit=969%2C124&ssl=1\",\"width\":969,\"height\":124,\"caption\":\"Alcides Le\u00f3n\"},\"logo\":{\"@id\":\"https:\\\/\\\/i0.wp.com\\\/hablandodeti.com\\\/blog\\\/wp-content\\\/uploads\\\/2023\\\/01\\\/bannerhdti-long.png?fit=969%2C124&ssl=1\"},\"description\":\"Ingeniero en Computaci\u00f3n, Comunicador especializado en tecnolog\u00eda, Blogger, Asesor en SocialMedia, Venezolano y Latinaom\u00e9ricano\",\"sameAs\":[\"https:\\\/\\\/www.instagram.com\\\/aleon1969\",\"https:\\\/\\\/x.com\\\/https:\\\/\\\/www.twitter.com\\\/aleon1969\"],\"url\":\"https:\\\/\\\/hablandodeti.com\\\/blog\\\/author\\\/admin\\\/\"}]}<\/script>\n<!-- \/ Yoast SEO plugin. -->","yoast_head_json":{"title":"\u201cBrasil defiende que la gobernanza de la Internet sea multisectorial, multilateral, democr\u00e1tica y transparente\u201d  - Hablando de TI","robots":{"index":"index","follow":"follow","max-snippet":"max-snippet:-1","max-image-preview":"max-image-preview:large","max-video-preview":"max-video-preview:-1"},"canonical":"https:\/\/hablandodeti.com\/blog\/2014\/04\/23\/brasil-defiende-que-la-gobernanza-de-la-internet-sea-multisectorial-multilateral-democratica-y-transparente\/","og_locale":"es_ES","og_type":"article","og_title":"\u201cBrasil defiende que la gobernanza de la Internet sea multisectorial, multilateral, democr\u00e1tica y transparente\u201d  - Hablando de TI","og_description":"La presidente de Brasil, Dilma Roussef pronunci\u00f3 estas palabras durante la ceremonia de apertura del Encuentro Global Multisectorial sobre el Futuro de la Gobernanza de la Internet &#8211; NET Mundial \u201cLa Internet que queremos solo es posible en un escenario de respeto a los derechos humanos, en particular la privacidad y la libertad de expresi\u00f3n. [&hellip;]","og_url":"https:\/\/hablandodeti.com\/blog\/2014\/04\/23\/brasil-defiende-que-la-gobernanza-de-la-internet-sea-multisectorial-multilateral-democratica-y-transparente\/","og_site_name":"Hablando de TI","article_published_time":"2014-04-24T02:06:19+00:00","article_modified_time":"2014-04-24T02:08:39+00:00","og_image":[{"width":450,"height":205,"url":"https:\/\/i0.wp.com\/hablandodeti.com\/blog\/wp-content\/uploads\/2014\/04\/dilmarousseff.jpg?fit=450%2C205&ssl=1","type":"image\/jpeg"}],"author":"Alcides Le\u00f3n","twitter_card":"summary_large_image","twitter_creator":"@https:\/\/www.twitter.com\/aleon1969","twitter_site":"@aleon1969","twitter_misc":{"Escrito por":"Alcides Le\u00f3n","Tiempo de lectura":"18 minutos"},"schema":{"@context":"https:\/\/schema.org","@graph":[{"@type":"Article","@id":"https:\/\/hablandodeti.com\/blog\/2014\/04\/23\/brasil-defiende-que-la-gobernanza-de-la-internet-sea-multisectorial-multilateral-democratica-y-transparente\/#article","isPartOf":{"@id":"https:\/\/hablandodeti.com\/blog\/2014\/04\/23\/brasil-defiende-que-la-gobernanza-de-la-internet-sea-multisectorial-multilateral-democratica-y-transparente\/"},"author":{"name":"Alcides Le\u00f3n","@id":"https:\/\/hablandodeti.com\/blog\/#\/schema\/person\/cb9eb914c41b9aa527560547ed3a81b2"},"headline":"\u201cBrasil defiende que la gobernanza de la Internet sea multisectorial, multilateral, democr\u00e1tica y transparente\u201d","datePublished":"2014-04-24T02:06:19+00:00","dateModified":"2014-04-24T02:08:39+00:00","mainEntityOfPage":{"@id":"https:\/\/hablandodeti.com\/blog\/2014\/04\/23\/brasil-defiende-que-la-gobernanza-de-la-internet-sea-multisectorial-multilateral-democratica-y-transparente\/"},"wordCount":3649,"commentCount":0,"publisher":{"@id":"https:\/\/hablandodeti.com\/blog\/#\/schema\/person\/cb9eb914c41b9aa527560547ed3a81b2"},"image":{"@id":"https:\/\/hablandodeti.com\/blog\/2014\/04\/23\/brasil-defiende-que-la-gobernanza-de-la-internet-sea-multisectorial-multilateral-democratica-y-transparente\/#primaryimage"},"thumbnailUrl":"https:\/\/hablandodeti.com\/blog\/wp-content\/uploads\/2014\/04\/dilmarousseff.jpg","keywords":["Brasil","censura","control de la Internet","Dilma Rousseff","Intrnet","NET Mundial"],"articleSection":["Am\u00e9rica Latina","Especial","Internet"],"inLanguage":"es","potentialAction":[{"@type":"CommentAction","name":"Comment","target":["https:\/\/hablandodeti.com\/blog\/2014\/04\/23\/brasil-defiende-que-la-gobernanza-de-la-internet-sea-multisectorial-multilateral-democratica-y-transparente\/#respond"]}]},{"@type":"WebPage","@id":"https:\/\/hablandodeti.com\/blog\/2014\/04\/23\/brasil-defiende-que-la-gobernanza-de-la-internet-sea-multisectorial-multilateral-democratica-y-transparente\/","url":"https:\/\/hablandodeti.com\/blog\/2014\/04\/23\/brasil-defiende-que-la-gobernanza-de-la-internet-sea-multisectorial-multilateral-democratica-y-transparente\/","name":"\u201cBrasil defiende que la gobernanza de la Internet sea multisectorial, multilateral, democr\u00e1tica y transparente\u201d - Hablando de TI","isPartOf":{"@id":"https:\/\/hablandodeti.com\/blog\/#website"},"primaryImageOfPage":{"@id":"https:\/\/hablandodeti.com\/blog\/2014\/04\/23\/brasil-defiende-que-la-gobernanza-de-la-internet-sea-multisectorial-multilateral-democratica-y-transparente\/#primaryimage"},"image":{"@id":"https:\/\/hablandodeti.com\/blog\/2014\/04\/23\/brasil-defiende-que-la-gobernanza-de-la-internet-sea-multisectorial-multilateral-democratica-y-transparente\/#primaryimage"},"thumbnailUrl":"https:\/\/hablandodeti.com\/blog\/wp-content\/uploads\/2014\/04\/dilmarousseff.jpg","datePublished":"2014-04-24T02:06:19+00:00","dateModified":"2014-04-24T02:08:39+00:00","breadcrumb":{"@id":"https:\/\/hablandodeti.com\/blog\/2014\/04\/23\/brasil-defiende-que-la-gobernanza-de-la-internet-sea-multisectorial-multilateral-democratica-y-transparente\/#breadcrumb"},"inLanguage":"es","potentialAction":[{"@type":"ReadAction","target":["https:\/\/hablandodeti.com\/blog\/2014\/04\/23\/brasil-defiende-que-la-gobernanza-de-la-internet-sea-multisectorial-multilateral-democratica-y-transparente\/"]}]},{"@type":"ImageObject","inLanguage":"es","@id":"https:\/\/hablandodeti.com\/blog\/2014\/04\/23\/brasil-defiende-que-la-gobernanza-de-la-internet-sea-multisectorial-multilateral-democratica-y-transparente\/#primaryimage","url":"https:\/\/hablandodeti.com\/blog\/wp-content\/uploads\/2014\/04\/dilmarousseff.jpg","contentUrl":"https:\/\/hablandodeti.com\/blog\/wp-content\/uploads\/2014\/04\/dilmarousseff.jpg","width":450,"height":205},{"@type":"BreadcrumbList","@id":"https:\/\/hablandodeti.com\/blog\/2014\/04\/23\/brasil-defiende-que-la-gobernanza-de-la-internet-sea-multisectorial-multilateral-democratica-y-transparente\/#breadcrumb","itemListElement":[{"@type":"ListItem","position":1,"name":"Portada","item":"https:\/\/hablandodeti.com\/blog\/"},{"@type":"ListItem","position":2,"name":"\u201cBrasil defiende que la gobernanza de la Internet sea multisectorial, multilateral, democr\u00e1tica y transparente\u201d"}]},{"@type":"WebSite","@id":"https:\/\/hablandodeti.com\/blog\/#website","url":"https:\/\/hablandodeti.com\/blog\/","name":"Hablando de TI","description":"Apuntes de Vida y Tecnolog\u00eda","publisher":{"@id":"https:\/\/hablandodeti.com\/blog\/#\/schema\/person\/cb9eb914c41b9aa527560547ed3a81b2"},"potentialAction":[{"@type":"SearchAction","target":{"@type":"EntryPoint","urlTemplate":"https:\/\/hablandodeti.com\/blog\/?s={search_term_string}"},"query-input":{"@type":"PropertyValueSpecification","valueRequired":true,"valueName":"search_term_string"}}],"inLanguage":"es"},{"@type":["Person","Organization"],"@id":"https:\/\/hablandodeti.com\/blog\/#\/schema\/person\/cb9eb914c41b9aa527560547ed3a81b2","name":"Alcides Le\u00f3n","image":{"@type":"ImageObject","inLanguage":"es","@id":"https:\/\/i0.wp.com\/hablandodeti.com\/blog\/wp-content\/uploads\/2023\/01\/bannerhdti-long.png?fit=969%2C124&ssl=1","url":"https:\/\/i0.wp.com\/hablandodeti.com\/blog\/wp-content\/uploads\/2023\/01\/bannerhdti-long.png?fit=969%2C124&ssl=1","contentUrl":"https:\/\/i0.wp.com\/hablandodeti.com\/blog\/wp-content\/uploads\/2023\/01\/bannerhdti-long.png?fit=969%2C124&ssl=1","width":969,"height":124,"caption":"Alcides Le\u00f3n"},"logo":{"@id":"https:\/\/i0.wp.com\/hablandodeti.com\/blog\/wp-content\/uploads\/2023\/01\/bannerhdti-long.png?fit=969%2C124&ssl=1"},"description":"Ingeniero en Computaci\u00f3n, Comunicador especializado en tecnolog\u00eda, Blogger, Asesor en SocialMedia, Venezolano y Latinaom\u00e9ricano","sameAs":["https:\/\/www.instagram.com\/aleon1969","https:\/\/x.com\/https:\/\/www.twitter.com\/aleon1969"],"url":"https:\/\/hablandodeti.com\/blog\/author\/admin\/"}]}},"_links":{"self":[{"href":"https:\/\/hablandodeti.com\/blog\/wp-json\/wp\/v2\/posts\/2978","targetHints":{"allow":["GET"]}}],"collection":[{"href":"https:\/\/hablandodeti.com\/blog\/wp-json\/wp\/v2\/posts"}],"about":[{"href":"https:\/\/hablandodeti.com\/blog\/wp-json\/wp\/v2\/types\/post"}],"author":[{"embeddable":true,"href":"https:\/\/hablandodeti.com\/blog\/wp-json\/wp\/v2\/users\/1"}],"replies":[{"embeddable":true,"href":"https:\/\/hablandodeti.com\/blog\/wp-json\/wp\/v2\/comments?post=2978"}],"version-history":[{"count":0,"href":"https:\/\/hablandodeti.com\/blog\/wp-json\/wp\/v2\/posts\/2978\/revisions"}],"wp:featuredmedia":[{"embeddable":true,"href":"https:\/\/hablandodeti.com\/blog\/wp-json\/wp\/v2\/media\/2979"}],"wp:attachment":[{"href":"https:\/\/hablandodeti.com\/blog\/wp-json\/wp\/v2\/media?parent=2978"}],"wp:term":[{"taxonomy":"category","embeddable":true,"href":"https:\/\/hablandodeti.com\/blog\/wp-json\/wp\/v2\/categories?post=2978"},{"taxonomy":"post_tag","embeddable":true,"href":"https:\/\/hablandodeti.com\/blog\/wp-json\/wp\/v2\/tags?post=2978"}],"curies":[{"name":"wp","href":"https:\/\/api.w.org\/{rel}","templated":true}]}}