{"id":682,"date":"2009-12-09T00:22:42","date_gmt":"2009-12-09T04:52:42","guid":{"rendered":"https:\/\/hablandodeti.com\/blog\/?p=682"},"modified":"2009-12-09T00:27:10","modified_gmt":"2009-12-09T04:57:10","slug":"el-dia-que-descubri-que-no-soy-periodista-al-menos-no-como-lo-pensaba-gracias-a-victor-y-otros-colegas","status":"publish","type":"post","link":"https:\/\/hablandodeti.com\/blog\/2009\/12\/09\/el-dia-que-descubri-que-no-soy-periodista-al-menos-no-como-lo-pensaba-gracias-a-victor-y-otros-colegas\/","title":{"rendered":"El d\u00eda que descubr\u00ed que no soy periodista (al menos no como lo pensaba), gracias a Victor y otros colegas."},"content":{"rendered":"<p><img loading=\"lazy\" decoding=\"async\" src=\"https:\/\/hablandodeti.com\/blog\/wp-content\/uploads\/2009\/12\/aleonflotando-150x150.jpg\" align=right alt=\"aleonflotando\" title=\"aleonflotando\" width=\"150\" height=\"150\" class=\" align=right size-thumbnail wp-image-683\" srcset=\"https:\/\/hablandodeti.com\/blog\/wp-content\/uploads\/2009\/12\/aleonflotando-150x150.jpg 150w, https:\/\/hablandodeti.com\/blog\/wp-content\/uploads\/2009\/12\/aleonflotando-50x50.jpg 50w, https:\/\/hablandodeti.com\/blog\/wp-content\/uploads\/2009\/12\/aleonflotando-30x30.jpg 30w\" sizes=\"auto, (max-width: 150px) 100vw, 150px\" \/>Hoy me encontraba en una reuni\u00f3n de una asociaci\u00f3n gremial, hablando con algunos amigos periodistas de distintos temas, cuando de repente entr\u00f3 un periodista que hacia tiempo no ve\u00eda y que para mi es una gran referencia. El, con toda su experiencia a cuestas, entr\u00f3 a hacer su trabajo. Salud\u00f3 a todos. Dio vistazos hacia todas las direcciones. Intercambi\u00f3 algunas breves palabras con numerosos personajes. Y estoy seguro que antes de volver a su casa, ten\u00eda en sus neuronas informaci\u00f3n suficiente para armar una edici\u00f3n de un peri\u00f3dico, y todav\u00eda habr\u00edan algunas cosas que se reservar\u00eda para s\u00ed. El individuo en cuesti\u00f3n es Victor Suar\u00e9z, toda una instituci\u00f3n en la fuente de TIC en Venezuela, y para mi el mejor periodista en el \u00e1rea.<\/p>\n<p>Hacen ya varios a\u00f1os comenc\u00e9 la publicaci\u00f3n de un bolet\u00edn electr\u00f3nico en el Grupo Editorial Producto \u2013uno de los primeros en el pa\u00eds\u2014dedicado a las franquicias. V\u00edctor mientras tanto daba inicio a su bolet\u00edn InsideTelecom en formato PDF. Aunque el bolet\u00edn de franquicias desapareci\u00f3 tras algunos a\u00f1os, el legado en el GEP fue grande, dando origen a PRODUCTOexpress y DINEROexpress, dos boletines muy exitosos, que complementan a las revistas de las que toman el nombre. Por su parte InsideTelecom \u2013m\u00e1s all\u00e1 de la columna fija en el Universal que exist\u00eda previamente\u2014tambi\u00e9n evolucion\u00f3 en otros proyectos y ha llegado a ser tan influyente en el medio que el otro d\u00eda, mientras asist\u00eda a un evento relacionado con la operadora celular venezolana  DIGITEL, el Sr. Cisneros \u2013referencia obligada del sector de telecomunicaciones\u2014cuando le presentaron a un periodista que trabaja para dicho medio, dijo: \u00a1ah son esos que siempre nos est\u00e1n diciendo lo que debemos hacer, antes de que lo hagamos.\u201d<\/p>\n<p>Pero hoy al ver a V\u00edctor de nuevo, y conversar con otros periodistas del ramo, termin\u00e9 de entender algo que hace tiempo presiento: realmente no soy un periodista, o al menos no en el sentido estricto. Aunque mi formaci\u00f3n es de ingeniero \u2013es el caso de otros periodistas con gran reputaci\u00f3n\u2014hay algo m\u00e1s sutil que me diferencia de ellos.<\/p>\n<p>Quiz\u00e1s ese algo es lo que me permite flotar libremente en el mundo 2.0. Quiz\u00e1s es lo que no me permite ganarme contactos en base a ser simp\u00e1tico y adulador de las empresas o de sus agencias. Tal vez se trata de eso que no me hace correr detr\u00e1s de las primicias y me hace preferir el an\u00e1lisis m\u00e1s sosegado. Me gusta m\u00e1s la tecnolog\u00eda detr\u00e1s de la noticia, que los numeritos que hacen titulares.<\/p>\n<p>En mi carrera he tenido un par de oportunidades de convertirme en ese periodista basado en la inmediatez que muchos quieren ser. Pero no lo hice. Estoy muy lejos de querer ser  el eterno \u201ctubeador\u201d \u2013el que da el tubazo, o la noticia que nadie tiene&#8211; que parece ser la figura m\u00edtica a la que casi todos mis colegas quieren llegar. No quiero ser recordado como el periodista que dio a conocer \u201dtal noticia\u201d, ni el que iba a todas las ruedas de prensa o el que publicaba todas las notas que le enviaban las agencias de PR. Sinceramente prefiero que me recuerden por mis opiniones, por mis escritos, por mi integridad, aunque eso sea m\u00e1s dif\u00edcil de medir. Y te haga menos \u00abagradable\u00bb para algunos en el medio.<\/p>\n<p>Quiz\u00e1s la \u00fanica palabra que pod\u00eda describir a un ser como yo \u2013antes de la web 2.0&#8212; me quedaba grande: analista. Pero ahora he encontrado un mejor t\u00edtulo. Uno que no implica que tengo un nivel superior al de nadie. Uno que se lleva bien con mi vocaci\u00f3n de docente, que desarroll\u00e9 por varios a\u00f1os en la Universidad Sim\u00f3n Bol\u00edvar y en otras empresas. Uno que me llena m\u00e1s de orgullo, que me da m\u00e1s sentimiento gremial. Un t\u00edtulo que me permite ajustar la honrosa distinci\u00f3n de periodista con un complemento que refleja mi forma de actuar y ser: Periodista\/blogger.<\/p>\n<p>Ese t\u00edtulo me lo gan\u00e9 hace casi dos a\u00f1os, sin darme cuenta. Y lo he disfrutado como ustedes no pueden imaginar. Y espero acumular suficiente experiencia en mi vida para poder convertirlo alg\u00fan d\u00eda en: Periodista\/blogger\/analista. Es el t\u00edtulo que me permite estar <strong><em>hablandodeti <\/em><\/strong>con mis lectores. Es lo que me brinda una ventana para opinar &#8211;y no s\u00f3lo para informar\u2014sobre los temas que me parecen interesantes.<\/p>\n<p>Gracias entonces, a ustedes mis lectores, por permitirme lograr el grado de blogger. Son ustedes los que me hacen sentirme que puedo volar, como en la foto que ilustra este post. <\/p>\n","protected":false},"excerpt":{"rendered":"<p>Hoy me encontraba en una reuni\u00f3n de una asociaci\u00f3n gremial, hablando con algunos amigos periodistas de distintos temas, cuando de repente entr\u00f3 un periodista que hacia tiempo no ve\u00eda y que para mi es una gran referencia. El, con toda su experiencia a cuestas, entr\u00f3 a hacer su trabajo. Salud\u00f3 a todos. Dio vistazos hacia [&hellip;]<\/p>\n","protected":false},"author":1,"featured_media":683,"comment_status":"open","ping_status":"open","sticky":false,"template":"","format":"standard","meta":{"footnotes":""},"categories":[212,3,148],"tags":[70,325,213,243,734,2707],"class_list":["post-682","post","type-post","status-publish","format-standard","has-post-thumbnail","hentry","category-etica","category-general","category-web-20","tag-alcides-leon","tag-blogger","tag-periodismo","tag-periodista","tag-victor-suarez","tag-web-20"],"yoast_head":"<!-- This site is optimized with the Yoast SEO plugin v27.5 - https:\/\/yoast.com\/product\/yoast-seo-wordpress\/ -->\n<title>El d\u00eda que descubr\u00ed que no soy periodista (al menos no como lo pensaba), gracias a Victor y otros colegas. - Hablando de TI<\/title>\n<meta name=\"robots\" content=\"index, follow, max-snippet:-1, max-image-preview:large, max-video-preview:-1\" \/>\n<link rel=\"canonical\" href=\"https:\/\/hablandodeti.com\/blog\/2009\/12\/09\/el-dia-que-descubri-que-no-soy-periodista-al-menos-no-como-lo-pensaba-gracias-a-victor-y-otros-colegas\/\" \/>\n<meta property=\"og:locale\" content=\"es_ES\" \/>\n<meta property=\"og:type\" content=\"article\" \/>\n<meta property=\"og:title\" content=\"El d\u00eda que descubr\u00ed que no soy periodista (al menos no como lo pensaba), gracias a Victor y otros colegas. - Hablando de TI\" \/>\n<meta property=\"og:description\" content=\"Hoy me encontraba en una reuni\u00f3n de una asociaci\u00f3n gremial, hablando con algunos amigos periodistas de distintos temas, cuando de repente entr\u00f3 un periodista que hacia tiempo no ve\u00eda y que para mi es una gran referencia. El, con toda su experiencia a cuestas, entr\u00f3 a hacer su trabajo. Salud\u00f3 a todos. Dio vistazos hacia [&hellip;]\" \/>\n<meta property=\"og:url\" content=\"https:\/\/hablandodeti.com\/blog\/2009\/12\/09\/el-dia-que-descubri-que-no-soy-periodista-al-menos-no-como-lo-pensaba-gracias-a-victor-y-otros-colegas\/\" \/>\n<meta property=\"og:site_name\" content=\"Hablando de TI\" \/>\n<meta property=\"article:published_time\" content=\"2009-12-09T04:52:42+00:00\" \/>\n<meta property=\"article:modified_time\" content=\"2009-12-09T04:57:10+00:00\" \/>\n<meta property=\"og:image\" content=\"https:\/\/i0.wp.com\/hablandodeti.com\/blog\/wp-content\/uploads\/2009\/12\/aleonflotando.jpg?fit=150%2C159&ssl=1\" \/>\n\t<meta property=\"og:image:width\" content=\"150\" \/>\n\t<meta property=\"og:image:height\" content=\"159\" \/>\n\t<meta property=\"og:image:type\" content=\"image\/jpeg\" \/>\n<meta name=\"author\" content=\"Alcides Le\u00f3n\" \/>\n<meta name=\"twitter:card\" content=\"summary_large_image\" \/>\n<meta name=\"twitter:creator\" content=\"@https:\/\/www.twitter.com\/aleon1969\" \/>\n<meta name=\"twitter:site\" content=\"@aleon1969\" \/>\n<meta name=\"twitter:label1\" content=\"Escrito por\" \/>\n\t<meta name=\"twitter:data1\" content=\"Alcides Le\u00f3n\" \/>\n\t<meta name=\"twitter:label2\" content=\"Tiempo de lectura\" \/>\n\t<meta name=\"twitter:data2\" content=\"4 minutos\" \/>\n<script type=\"application\/ld+json\" class=\"yoast-schema-graph\">{\"@context\":\"https:\\\/\\\/schema.org\",\"@graph\":[{\"@type\":\"Article\",\"@id\":\"https:\\\/\\\/hablandodeti.com\\\/blog\\\/2009\\\/12\\\/09\\\/el-dia-que-descubri-que-no-soy-periodista-al-menos-no-como-lo-pensaba-gracias-a-victor-y-otros-colegas\\\/#article\",\"isPartOf\":{\"@id\":\"https:\\\/\\\/hablandodeti.com\\\/blog\\\/2009\\\/12\\\/09\\\/el-dia-que-descubri-que-no-soy-periodista-al-menos-no-como-lo-pensaba-gracias-a-victor-y-otros-colegas\\\/\"},\"author\":{\"name\":\"Alcides Le\u00f3n\",\"@id\":\"https:\\\/\\\/hablandodeti.com\\\/blog\\\/#\\\/schema\\\/person\\\/cb9eb914c41b9aa527560547ed3a81b2\"},\"headline\":\"El d\u00eda que descubr\u00ed que no soy periodista (al menos no como lo pensaba), gracias a Victor y otros colegas.\",\"datePublished\":\"2009-12-09T04:52:42+00:00\",\"dateModified\":\"2009-12-09T04:57:10+00:00\",\"mainEntityOfPage\":{\"@id\":\"https:\\\/\\\/hablandodeti.com\\\/blog\\\/2009\\\/12\\\/09\\\/el-dia-que-descubri-que-no-soy-periodista-al-menos-no-como-lo-pensaba-gracias-a-victor-y-otros-colegas\\\/\"},\"wordCount\":832,\"commentCount\":3,\"publisher\":{\"@id\":\"https:\\\/\\\/hablandodeti.com\\\/blog\\\/#\\\/schema\\\/person\\\/cb9eb914c41b9aa527560547ed3a81b2\"},\"image\":{\"@id\":\"https:\\\/\\\/hablandodeti.com\\\/blog\\\/2009\\\/12\\\/09\\\/el-dia-que-descubri-que-no-soy-periodista-al-menos-no-como-lo-pensaba-gracias-a-victor-y-otros-colegas\\\/#primaryimage\"},\"thumbnailUrl\":\"https:\\\/\\\/hablandodeti.com\\\/blog\\\/wp-content\\\/uploads\\\/2009\\\/12\\\/aleonflotando.jpg\",\"keywords\":[\"Alcides Le\u00f3n\",\"blogger\",\"periodismo\",\"periodista\",\"V\u00edctor Suarez\",\"Web 2.0\"],\"articleSection\":[\"\u00e9tica\",\"general\",\"Web 2.0\"],\"inLanguage\":\"es\",\"potentialAction\":[{\"@type\":\"CommentAction\",\"name\":\"Comment\",\"target\":[\"https:\\\/\\\/hablandodeti.com\\\/blog\\\/2009\\\/12\\\/09\\\/el-dia-que-descubri-que-no-soy-periodista-al-menos-no-como-lo-pensaba-gracias-a-victor-y-otros-colegas\\\/#respond\"]}]},{\"@type\":\"WebPage\",\"@id\":\"https:\\\/\\\/hablandodeti.com\\\/blog\\\/2009\\\/12\\\/09\\\/el-dia-que-descubri-que-no-soy-periodista-al-menos-no-como-lo-pensaba-gracias-a-victor-y-otros-colegas\\\/\",\"url\":\"https:\\\/\\\/hablandodeti.com\\\/blog\\\/2009\\\/12\\\/09\\\/el-dia-que-descubri-que-no-soy-periodista-al-menos-no-como-lo-pensaba-gracias-a-victor-y-otros-colegas\\\/\",\"name\":\"El d\u00eda que descubr\u00ed que no soy periodista (al menos no como lo pensaba), gracias a Victor y otros colegas. - Hablando de TI\",\"isPartOf\":{\"@id\":\"https:\\\/\\\/hablandodeti.com\\\/blog\\\/#website\"},\"primaryImageOfPage\":{\"@id\":\"https:\\\/\\\/hablandodeti.com\\\/blog\\\/2009\\\/12\\\/09\\\/el-dia-que-descubri-que-no-soy-periodista-al-menos-no-como-lo-pensaba-gracias-a-victor-y-otros-colegas\\\/#primaryimage\"},\"image\":{\"@id\":\"https:\\\/\\\/hablandodeti.com\\\/blog\\\/2009\\\/12\\\/09\\\/el-dia-que-descubri-que-no-soy-periodista-al-menos-no-como-lo-pensaba-gracias-a-victor-y-otros-colegas\\\/#primaryimage\"},\"thumbnailUrl\":\"https:\\\/\\\/hablandodeti.com\\\/blog\\\/wp-content\\\/uploads\\\/2009\\\/12\\\/aleonflotando.jpg\",\"datePublished\":\"2009-12-09T04:52:42+00:00\",\"dateModified\":\"2009-12-09T04:57:10+00:00\",\"breadcrumb\":{\"@id\":\"https:\\\/\\\/hablandodeti.com\\\/blog\\\/2009\\\/12\\\/09\\\/el-dia-que-descubri-que-no-soy-periodista-al-menos-no-como-lo-pensaba-gracias-a-victor-y-otros-colegas\\\/#breadcrumb\"},\"inLanguage\":\"es\",\"potentialAction\":[{\"@type\":\"ReadAction\",\"target\":[\"https:\\\/\\\/hablandodeti.com\\\/blog\\\/2009\\\/12\\\/09\\\/el-dia-que-descubri-que-no-soy-periodista-al-menos-no-como-lo-pensaba-gracias-a-victor-y-otros-colegas\\\/\"]}]},{\"@type\":\"ImageObject\",\"inLanguage\":\"es\",\"@id\":\"https:\\\/\\\/hablandodeti.com\\\/blog\\\/2009\\\/12\\\/09\\\/el-dia-que-descubri-que-no-soy-periodista-al-menos-no-como-lo-pensaba-gracias-a-victor-y-otros-colegas\\\/#primaryimage\",\"url\":\"https:\\\/\\\/hablandodeti.com\\\/blog\\\/wp-content\\\/uploads\\\/2009\\\/12\\\/aleonflotando.jpg\",\"contentUrl\":\"https:\\\/\\\/hablandodeti.com\\\/blog\\\/wp-content\\\/uploads\\\/2009\\\/12\\\/aleonflotando.jpg\",\"width\":\"150\",\"height\":\"159\"},{\"@type\":\"BreadcrumbList\",\"@id\":\"https:\\\/\\\/hablandodeti.com\\\/blog\\\/2009\\\/12\\\/09\\\/el-dia-que-descubri-que-no-soy-periodista-al-menos-no-como-lo-pensaba-gracias-a-victor-y-otros-colegas\\\/#breadcrumb\",\"itemListElement\":[{\"@type\":\"ListItem\",\"position\":1,\"name\":\"Portada\",\"item\":\"https:\\\/\\\/hablandodeti.com\\\/blog\\\/\"},{\"@type\":\"ListItem\",\"position\":2,\"name\":\"El d\u00eda que descubr\u00ed que no soy periodista (al menos no como lo pensaba), gracias a Victor y otros colegas.\"}]},{\"@type\":\"WebSite\",\"@id\":\"https:\\\/\\\/hablandodeti.com\\\/blog\\\/#website\",\"url\":\"https:\\\/\\\/hablandodeti.com\\\/blog\\\/\",\"name\":\"Hablando de TI\",\"description\":\"Apuntes de Vida y Tecnolog\u00eda\",\"publisher\":{\"@id\":\"https:\\\/\\\/hablandodeti.com\\\/blog\\\/#\\\/schema\\\/person\\\/cb9eb914c41b9aa527560547ed3a81b2\"},\"potentialAction\":[{\"@type\":\"SearchAction\",\"target\":{\"@type\":\"EntryPoint\",\"urlTemplate\":\"https:\\\/\\\/hablandodeti.com\\\/blog\\\/?s={search_term_string}\"},\"query-input\":{\"@type\":\"PropertyValueSpecification\",\"valueRequired\":true,\"valueName\":\"search_term_string\"}}],\"inLanguage\":\"es\"},{\"@type\":[\"Person\",\"Organization\"],\"@id\":\"https:\\\/\\\/hablandodeti.com\\\/blog\\\/#\\\/schema\\\/person\\\/cb9eb914c41b9aa527560547ed3a81b2\",\"name\":\"Alcides Le\u00f3n\",\"image\":{\"@type\":\"ImageObject\",\"inLanguage\":\"es\",\"@id\":\"https:\\\/\\\/i0.wp.com\\\/hablandodeti.com\\\/blog\\\/wp-content\\\/uploads\\\/2023\\\/01\\\/bannerhdti-long.png?fit=969%2C124&ssl=1\",\"url\":\"https:\\\/\\\/i0.wp.com\\\/hablandodeti.com\\\/blog\\\/wp-content\\\/uploads\\\/2023\\\/01\\\/bannerhdti-long.png?fit=969%2C124&ssl=1\",\"contentUrl\":\"https:\\\/\\\/i0.wp.com\\\/hablandodeti.com\\\/blog\\\/wp-content\\\/uploads\\\/2023\\\/01\\\/bannerhdti-long.png?fit=969%2C124&ssl=1\",\"width\":969,\"height\":124,\"caption\":\"Alcides Le\u00f3n\"},\"logo\":{\"@id\":\"https:\\\/\\\/i0.wp.com\\\/hablandodeti.com\\\/blog\\\/wp-content\\\/uploads\\\/2023\\\/01\\\/bannerhdti-long.png?fit=969%2C124&ssl=1\"},\"description\":\"Ingeniero en Computaci\u00f3n, Comunicador especializado en tecnolog\u00eda, Blogger, Asesor en SocialMedia, Venezolano y Latinaom\u00e9ricano\",\"sameAs\":[\"https:\\\/\\\/www.instagram.com\\\/aleon1969\",\"https:\\\/\\\/x.com\\\/https:\\\/\\\/www.twitter.com\\\/aleon1969\"],\"url\":\"https:\\\/\\\/hablandodeti.com\\\/blog\\\/author\\\/admin\\\/\"}]}<\/script>\n<!-- \/ Yoast SEO plugin. -->","yoast_head_json":{"title":"El d\u00eda que descubr\u00ed que no soy periodista (al menos no como lo pensaba), gracias a Victor y otros colegas. - Hablando de TI","robots":{"index":"index","follow":"follow","max-snippet":"max-snippet:-1","max-image-preview":"max-image-preview:large","max-video-preview":"max-video-preview:-1"},"canonical":"https:\/\/hablandodeti.com\/blog\/2009\/12\/09\/el-dia-que-descubri-que-no-soy-periodista-al-menos-no-como-lo-pensaba-gracias-a-victor-y-otros-colegas\/","og_locale":"es_ES","og_type":"article","og_title":"El d\u00eda que descubr\u00ed que no soy periodista (al menos no como lo pensaba), gracias a Victor y otros colegas. - Hablando de TI","og_description":"Hoy me encontraba en una reuni\u00f3n de una asociaci\u00f3n gremial, hablando con algunos amigos periodistas de distintos temas, cuando de repente entr\u00f3 un periodista que hacia tiempo no ve\u00eda y que para mi es una gran referencia. El, con toda su experiencia a cuestas, entr\u00f3 a hacer su trabajo. Salud\u00f3 a todos. Dio vistazos hacia [&hellip;]","og_url":"https:\/\/hablandodeti.com\/blog\/2009\/12\/09\/el-dia-que-descubri-que-no-soy-periodista-al-menos-no-como-lo-pensaba-gracias-a-victor-y-otros-colegas\/","og_site_name":"Hablando de TI","article_published_time":"2009-12-09T04:52:42+00:00","article_modified_time":"2009-12-09T04:57:10+00:00","og_image":[{"width":150,"height":159,"url":"https:\/\/i0.wp.com\/hablandodeti.com\/blog\/wp-content\/uploads\/2009\/12\/aleonflotando.jpg?fit=150%2C159&ssl=1","type":"image\/jpeg"}],"author":"Alcides Le\u00f3n","twitter_card":"summary_large_image","twitter_creator":"@https:\/\/www.twitter.com\/aleon1969","twitter_site":"@aleon1969","twitter_misc":{"Escrito por":"Alcides Le\u00f3n","Tiempo de lectura":"4 minutos"},"schema":{"@context":"https:\/\/schema.org","@graph":[{"@type":"Article","@id":"https:\/\/hablandodeti.com\/blog\/2009\/12\/09\/el-dia-que-descubri-que-no-soy-periodista-al-menos-no-como-lo-pensaba-gracias-a-victor-y-otros-colegas\/#article","isPartOf":{"@id":"https:\/\/hablandodeti.com\/blog\/2009\/12\/09\/el-dia-que-descubri-que-no-soy-periodista-al-menos-no-como-lo-pensaba-gracias-a-victor-y-otros-colegas\/"},"author":{"name":"Alcides Le\u00f3n","@id":"https:\/\/hablandodeti.com\/blog\/#\/schema\/person\/cb9eb914c41b9aa527560547ed3a81b2"},"headline":"El d\u00eda que descubr\u00ed que no soy periodista (al menos no como lo pensaba), gracias a Victor y otros colegas.","datePublished":"2009-12-09T04:52:42+00:00","dateModified":"2009-12-09T04:57:10+00:00","mainEntityOfPage":{"@id":"https:\/\/hablandodeti.com\/blog\/2009\/12\/09\/el-dia-que-descubri-que-no-soy-periodista-al-menos-no-como-lo-pensaba-gracias-a-victor-y-otros-colegas\/"},"wordCount":832,"commentCount":3,"publisher":{"@id":"https:\/\/hablandodeti.com\/blog\/#\/schema\/person\/cb9eb914c41b9aa527560547ed3a81b2"},"image":{"@id":"https:\/\/hablandodeti.com\/blog\/2009\/12\/09\/el-dia-que-descubri-que-no-soy-periodista-al-menos-no-como-lo-pensaba-gracias-a-victor-y-otros-colegas\/#primaryimage"},"thumbnailUrl":"https:\/\/hablandodeti.com\/blog\/wp-content\/uploads\/2009\/12\/aleonflotando.jpg","keywords":["Alcides Le\u00f3n","blogger","periodismo","periodista","V\u00edctor Suarez","Web 2.0"],"articleSection":["\u00e9tica","general","Web 2.0"],"inLanguage":"es","potentialAction":[{"@type":"CommentAction","name":"Comment","target":["https:\/\/hablandodeti.com\/blog\/2009\/12\/09\/el-dia-que-descubri-que-no-soy-periodista-al-menos-no-como-lo-pensaba-gracias-a-victor-y-otros-colegas\/#respond"]}]},{"@type":"WebPage","@id":"https:\/\/hablandodeti.com\/blog\/2009\/12\/09\/el-dia-que-descubri-que-no-soy-periodista-al-menos-no-como-lo-pensaba-gracias-a-victor-y-otros-colegas\/","url":"https:\/\/hablandodeti.com\/blog\/2009\/12\/09\/el-dia-que-descubri-que-no-soy-periodista-al-menos-no-como-lo-pensaba-gracias-a-victor-y-otros-colegas\/","name":"El d\u00eda que descubr\u00ed que no soy periodista (al menos no como lo pensaba), gracias a Victor y otros colegas. - Hablando de TI","isPartOf":{"@id":"https:\/\/hablandodeti.com\/blog\/#website"},"primaryImageOfPage":{"@id":"https:\/\/hablandodeti.com\/blog\/2009\/12\/09\/el-dia-que-descubri-que-no-soy-periodista-al-menos-no-como-lo-pensaba-gracias-a-victor-y-otros-colegas\/#primaryimage"},"image":{"@id":"https:\/\/hablandodeti.com\/blog\/2009\/12\/09\/el-dia-que-descubri-que-no-soy-periodista-al-menos-no-como-lo-pensaba-gracias-a-victor-y-otros-colegas\/#primaryimage"},"thumbnailUrl":"https:\/\/hablandodeti.com\/blog\/wp-content\/uploads\/2009\/12\/aleonflotando.jpg","datePublished":"2009-12-09T04:52:42+00:00","dateModified":"2009-12-09T04:57:10+00:00","breadcrumb":{"@id":"https:\/\/hablandodeti.com\/blog\/2009\/12\/09\/el-dia-que-descubri-que-no-soy-periodista-al-menos-no-como-lo-pensaba-gracias-a-victor-y-otros-colegas\/#breadcrumb"},"inLanguage":"es","potentialAction":[{"@type":"ReadAction","target":["https:\/\/hablandodeti.com\/blog\/2009\/12\/09\/el-dia-que-descubri-que-no-soy-periodista-al-menos-no-como-lo-pensaba-gracias-a-victor-y-otros-colegas\/"]}]},{"@type":"ImageObject","inLanguage":"es","@id":"https:\/\/hablandodeti.com\/blog\/2009\/12\/09\/el-dia-que-descubri-que-no-soy-periodista-al-menos-no-como-lo-pensaba-gracias-a-victor-y-otros-colegas\/#primaryimage","url":"https:\/\/hablandodeti.com\/blog\/wp-content\/uploads\/2009\/12\/aleonflotando.jpg","contentUrl":"https:\/\/hablandodeti.com\/blog\/wp-content\/uploads\/2009\/12\/aleonflotando.jpg","width":"150","height":"159"},{"@type":"BreadcrumbList","@id":"https:\/\/hablandodeti.com\/blog\/2009\/12\/09\/el-dia-que-descubri-que-no-soy-periodista-al-menos-no-como-lo-pensaba-gracias-a-victor-y-otros-colegas\/#breadcrumb","itemListElement":[{"@type":"ListItem","position":1,"name":"Portada","item":"https:\/\/hablandodeti.com\/blog\/"},{"@type":"ListItem","position":2,"name":"El d\u00eda que descubr\u00ed que no soy periodista (al menos no como lo pensaba), gracias a Victor y otros colegas."}]},{"@type":"WebSite","@id":"https:\/\/hablandodeti.com\/blog\/#website","url":"https:\/\/hablandodeti.com\/blog\/","name":"Hablando de TI","description":"Apuntes de Vida y Tecnolog\u00eda","publisher":{"@id":"https:\/\/hablandodeti.com\/blog\/#\/schema\/person\/cb9eb914c41b9aa527560547ed3a81b2"},"potentialAction":[{"@type":"SearchAction","target":{"@type":"EntryPoint","urlTemplate":"https:\/\/hablandodeti.com\/blog\/?s={search_term_string}"},"query-input":{"@type":"PropertyValueSpecification","valueRequired":true,"valueName":"search_term_string"}}],"inLanguage":"es"},{"@type":["Person","Organization"],"@id":"https:\/\/hablandodeti.com\/blog\/#\/schema\/person\/cb9eb914c41b9aa527560547ed3a81b2","name":"Alcides Le\u00f3n","image":{"@type":"ImageObject","inLanguage":"es","@id":"https:\/\/i0.wp.com\/hablandodeti.com\/blog\/wp-content\/uploads\/2023\/01\/bannerhdti-long.png?fit=969%2C124&ssl=1","url":"https:\/\/i0.wp.com\/hablandodeti.com\/blog\/wp-content\/uploads\/2023\/01\/bannerhdti-long.png?fit=969%2C124&ssl=1","contentUrl":"https:\/\/i0.wp.com\/hablandodeti.com\/blog\/wp-content\/uploads\/2023\/01\/bannerhdti-long.png?fit=969%2C124&ssl=1","width":969,"height":124,"caption":"Alcides Le\u00f3n"},"logo":{"@id":"https:\/\/i0.wp.com\/hablandodeti.com\/blog\/wp-content\/uploads\/2023\/01\/bannerhdti-long.png?fit=969%2C124&ssl=1"},"description":"Ingeniero en Computaci\u00f3n, Comunicador especializado en tecnolog\u00eda, Blogger, Asesor en SocialMedia, Venezolano y Latinaom\u00e9ricano","sameAs":["https:\/\/www.instagram.com\/aleon1969","https:\/\/x.com\/https:\/\/www.twitter.com\/aleon1969"],"url":"https:\/\/hablandodeti.com\/blog\/author\/admin\/"}]}},"_links":{"self":[{"href":"https:\/\/hablandodeti.com\/blog\/wp-json\/wp\/v2\/posts\/682","targetHints":{"allow":["GET"]}}],"collection":[{"href":"https:\/\/hablandodeti.com\/blog\/wp-json\/wp\/v2\/posts"}],"about":[{"href":"https:\/\/hablandodeti.com\/blog\/wp-json\/wp\/v2\/types\/post"}],"author":[{"embeddable":true,"href":"https:\/\/hablandodeti.com\/blog\/wp-json\/wp\/v2\/users\/1"}],"replies":[{"embeddable":true,"href":"https:\/\/hablandodeti.com\/blog\/wp-json\/wp\/v2\/comments?post=682"}],"version-history":[{"count":0,"href":"https:\/\/hablandodeti.com\/blog\/wp-json\/wp\/v2\/posts\/682\/revisions"}],"wp:featuredmedia":[{"embeddable":true,"href":"https:\/\/hablandodeti.com\/blog\/wp-json\/wp\/v2\/media\/683"}],"wp:attachment":[{"href":"https:\/\/hablandodeti.com\/blog\/wp-json\/wp\/v2\/media?parent=682"}],"wp:term":[{"taxonomy":"category","embeddable":true,"href":"https:\/\/hablandodeti.com\/blog\/wp-json\/wp\/v2\/categories?post=682"},{"taxonomy":"post_tag","embeddable":true,"href":"https:\/\/hablandodeti.com\/blog\/wp-json\/wp\/v2\/tags?post=682"}],"curies":[{"name":"wp","href":"https:\/\/api.w.org\/{rel}","templated":true}]}}